{"id":5857,"date":"2026-05-01T13:35:46","date_gmt":"2026-05-01T11:35:46","guid":{"rendered":"https:\/\/ramse.es\/wordpress\/?p=5857"},"modified":"2026-05-01T13:40:15","modified_gmt":"2026-05-01T11:40:15","slug":"recepcion-del-dr-rafael-de-cabo-como-academico-correspondiente-internacional","status":"publish","type":"post","link":"https:\/\/ramse.es\/wordpress\/recepcion-del-dr-rafael-de-cabo-como-academico-correspondiente-internacional\/","title":{"rendered":"Recepci\u00f3n del Dr. Rafael de Cabo como Acad\u00e9mico Correspondiente Internacional"},"content":{"rendered":"<h2><strong>La biolog\u00eda del envejecimiento, clave para transformar la medicina del siglo XXI<\/strong><\/h2>\n<ul>\n<li><strong>El doctor Rafael de Cabo Moreno, referente internacional en envejecimiento y longevidad y nuevo Acad\u00e9mico Correspondiente Internacional de la RAMSE, analiz\u00f3 c\u00f3mo los \u00faltimos avances cient\u00edficos sobre la biolog\u00eda del envejecimiento pueden contribuir a una medicina m\u00e1s preventiva ante el reto del envejecimiento poblacional<\/strong><\/li>\n<li><strong> En este contexto, se\u00f1al\u00f3 que Espa\u00f1a, con una esperanza de vida media de 84 a\u00f1os, refleja con claridad el gran desaf\u00edo actual: no solo vivir m\u00e1s, sino vivir mejor y con m\u00e1s a\u00f1os de salud.<\/strong><\/li>\n<\/ul>\n<p>La Real Academia de Medicina y Cirug\u00eda de Sevilla (RAMSE) celebr\u00f3 ayer la sesi\u00f3n solemne de recepci\u00f3n como Acad\u00e9mico Correspondiente Internacional del <strong>Dr. D. Rafael de Cabo Moreno<\/strong>. Durante el acto, el nuevo acad\u00e9mico, referente internacional en envejecimiento y longevidad y jefe de la Rama de Gerontolog\u00eda Traslacional del Instituto Nacional sobre el Envejecimiento, perteneciente a los Institutos Nacionales de Salud de Estados Unidos, pronunci\u00f3 la conferencia titulada <strong>\u201cEnvejecimiento, gerociencia y longevidad: del conocimiento a la intervenci\u00f3n cl\u00ednica\u201d<\/strong>.<\/p>\n<p>El nuevo acad\u00e9mico fue presentado por el <strong>Ilmo. Sr. Dr. D. Jos\u00e9 L\u00f3pez Barneo<\/strong>, Acad\u00e9mico de N\u00famero de la RAMSE y director fundador del Instituto de Biomedicina de Sevilla (IBiS).<\/p>\n<p>El Dr. Rafael de Cabo Moreno centra su investigaci\u00f3n en c\u00f3mo las intervenciones nutricionales y farmacol\u00f3gicas influyen en los mecanismos biol\u00f3gicos del envejecimiento y en las enfermedades asociadas a la edad, con especial atenci\u00f3n a la restricci\u00f3n cal\u00f3rica. Autor o coautor de m\u00e1s de 400 publicaciones cient\u00edficas, su trabajo ha contribuido de forma destacada al avance de la gerociencia y a la b\u00fasqueda de estrategias orientadas a prolongar los a\u00f1os de vida en buena salud.<\/p>\n<p>El Dr. Rafael de Cabo Moreno abord\u00f3 en su intervenci\u00f3n una de las cuestiones centrales de la medicina contempor\u00e1nea: <strong>por qu\u00e9 envejecemos y hasta qu\u00e9 punto es posible intervenir en ese proceso<\/strong>. La ponencia reuni\u00f3 d\u00e9cadas de investigaci\u00f3n biom\u00e9dica para ofrecer una visi\u00f3n integrada del envejecimiento, con implicaciones directas para la salud p\u00fablica, la pol\u00edtica sanitaria y la pr\u00e1ctica cl\u00ednica.<\/p>\n<p><strong>Un momento demogr\u00e1fico sin precedentes<\/strong><\/p>\n<p>Durante su conferencia, el Dr. Rafael de Cabo Moreno situ\u00f3 el envejecimiento de la poblaci\u00f3n como uno de los grandes retos cient\u00edficos, sanitarios y sociales de nuestro tiempo. En este contexto, record\u00f3 que, <strong>por primera vez en la historia de nuestra especie, las personas mayores de 65 a\u00f1os superan en n\u00famero a los ni\u00f1os menores de 5 a\u00f1os. <\/strong>As\u00ed, explic\u00f3 que Espa\u00f1a ilustra esta tendencia con especial nitidez: posee una de las esperanzas de vida m\u00e1s altas del mundo, con una media de 84 a\u00f1os, aunque la esperanza de vida en buena salud se sit\u00faa m\u00e1s de dos a\u00f1os por debajo de la media europea.<strong>\u00a0<\/strong><\/p>\n<p><strong>\u201cHemos a\u00f1adido a\u00f1os a la vida, pero no necesariamente vida a esos a\u00f1os\u201d<\/strong>, se\u00f1al\u00f3 el Dr. Rafael de Cabo, subrayando que el envejecimiento es la causa subyacente com\u00fan de las principales enfermedades cr\u00f3nicas.<\/p>\n<p><strong>Los doce signos del envejecimiento<\/strong><\/p>\n<p>Durante la conferencia, De Cabo Moreno present\u00f3 el marco conceptual de los <em>Hallmarks of Aging<\/em>, del investigador Carlos L\u00f3pez-Ot\u00edn: doce procesos biol\u00f3gicos interconectados, entre ellos la inestabilidad gen\u00f3mica, la senescencia celular, la disfunci\u00f3n mitocondrial o la inflamaci\u00f3n cr\u00f3nica.<\/p>\n<p>Adem\u00e1s, explic\u00f3 que estos procesos no act\u00faan de forma aislada, sino como una red causal en la que el deterioro de uno puede acelerar el de los dem\u00e1s. <strong>\u201cEntenderlos abre la puerta a intervenir sobre ellos\u201d<\/strong>, afirm\u00f3 el conferenciante.<\/p>\n<p><strong>Ayuno intermitente y restricci\u00f3n cal\u00f3rica: la evidencia m\u00e1s s\u00f3lida<\/strong><\/p>\n<p>La ponencia repas\u00f3 tambi\u00e9n la evidencia acumulada sobre distintas intervenciones dirigidas a ralentizar el envejecimiento biol\u00f3gico. Entre ellas, el Dr. Rafael de Cabo Moreno destac\u00f3 la restricci\u00f3n cal\u00f3rica y el ayuno intermitente, as\u00ed como su relaci\u00f3n con v\u00edas moleculares implicadas en la longevidad.<\/p>\n<p>En este contexto, se\u00f1al\u00f3 que el ensayo cl\u00ednico CALERIE confirma que una reducci\u00f3n moderada de la ingesta cal\u00f3rica mejora los marcadores cardiovasculares, inflamatorios y metab\u00f3licos en humanos. El ayuno intermitente, y en particular la alimentaci\u00f3n restringida en el tiempo, emerge como una alternativa m\u00e1s sostenible que activa las mismas v\u00edas moleculares de longevidad. <strong>\u201cNo solo importa cu\u00e1nto comemos, sino tambi\u00e9n cu\u00e1ndo\u201d<\/strong>, dijo De Cabo.<\/p>\n<p><strong>El ejercicio f\u00edsico, pilar indispensable<\/strong><\/p>\n<p>El referente internacional en gerociencia dedic\u00f3 tambi\u00e9n parte de su intervenci\u00f3n al papel del ejercicio f\u00edsico en el envejecimiento saludable. <strong>\u201cEl ejercicio es la \u00fanica intervenci\u00f3n capaz de prevenir o revertir la sarcopenia, y su combinaci\u00f3n con el ayuno produce beneficios sin\u00e9rgicos sobre la masa muscular, la sensibilidad a la insulina y la inflamaci\u00f3n\u201d<\/strong>.<\/p>\n<p><strong><br \/>\nUna llamada a transformar el sistema sanitario<\/strong><\/p>\n<p>La conferencia concluy\u00f3 con una llamada a evolucionar hacia un modelo sanitario m\u00e1s proactivo y preventivo. <strong>\u201cLo que se requiere es la voluntad pol\u00edtica de invertir en un sistema digitalmente integrado que ofrezca a los ciudadanos no solo m\u00e1s a\u00f1os de vida, sino a\u00f1os que merezcan ser vividos\u201d<\/strong>. Desde esta perspectiva, afirm\u00f3 que \u201cpromover una vejez saludable no constituye \u00fanicamente un desaf\u00edo biom\u00e9dico, sino un compromiso colectivo con sociedades m\u00e1s justas y m\u00e1s humanas\u201d.<\/p>\n<p>Al finalizar, el <strong>Excmo. Sr. Dr. D. Carlos A. Infantes Alc\u00f3n<\/strong>, presidente de la RAMSE, le impuso la medalla de acad\u00e9mico y le hizo entrega del diploma acreditativo. En sus palabras de clausura, destac\u00f3 que \u201cla Real Academia de Medicina de Sevilla no solo gana a un cient\u00edfico de prestigio mundial; recupera a un cordob\u00e9s universal que nunca ha dejado de mirar hacia su tierra\u201d. Y concluy\u00f3: \u201cEn nombre de todos los acad\u00e9micos, es un honor daros la bienvenida. Esta es, desde hoy y para siempre, vuestra casa\u201d.<\/p>\n<p>Con la incorporaci\u00f3n del <strong>Dr. D. Rafael de Cabo Moreno<\/strong>, la RAMSE cuenta ya con <strong>cinco Acad\u00e9micos Correspondientes Internacionales<\/strong>: el <strong>Ilmo. Dr. D. Edgardo Carosella<\/strong> <em>(octubre de 2015)<\/em>, la <strong>Profesora Cristina Basso<\/strong> <em>(septiembre de 2024)<\/em>, el <strong>Profesor Gaetano Thiene<\/strong> <em>(septiembre de 2024)<\/em>, el <strong>Profesor Dr. D. Duarte Nuno Vieira<\/strong> <em>(septiembre de 2025)<\/em> y el <strong>Dr. D. Rafael de Cabo Moreno<\/strong> <em>(mayo de 2026)<\/em>.<\/p>\n<p>Puede visualizar el video en <a href=\"https:\/\/youtu.be\/HkTQcvWQMHI?is=uHfgI5N8lTtSgG54\" target=\"_blank\" rel=\"noopener\">este enlace<\/a>.<\/p>\n<p><iframe title=\"YouTube video player\" src=\"https:\/\/www.youtube.com\/embed\/HkTQcvWQMHI?si=n5as8ocbDqJRGrTU\" width=\"560\" height=\"315\" frameborder=\"0\" allowfullscreen=\"allowfullscreen\"><\/iframe><\/p>\n<p>Galer\u00eda de Im\u00e1genes<\/p>\n\n\t\t<style type=\"text\/css\">\n\t\t\t#gallery-1 {\n\t\t\t\tmargin: auto;\n\t\t\t}\n\t\t\t#gallery-1 .gallery-item {\n\t\t\t\tfloat: left;\n\t\t\t\tmargin-top: 10px;\n\t\t\t\ttext-align: center;\n\t\t\t\twidth: 33%;\n\t\t\t}\n\t\t\t#gallery-1 img {\n\t\t\t\tborder: 2px solid #cfcfcf;\n\t\t\t}\n\t\t\t#gallery-1 .gallery-caption {\n\t\t\t\tmargin-left: 0;\n\t\t\t}\n\t\t\t\/* see gallery_shortcode() in wp-includes\/media.php *\/\n\t\t<\/style>\n\t\t<div id='gallery-1' class='gallery galleryid-5857 gallery-columns-3 gallery-size-thumbnail'><dl class='gallery-item'>\n\t\t\t<dt class='gallery-icon landscape'>\n\t\t\t\t<a href='https:\/\/ramse.es\/wordpress\/recepcion-del-dr-rafael-de-cabo-como-academico-correspondiente-internacional\/img_8252\/'><img decoding=\"async\" width=\"150\" height=\"150\" src=\"https:\/\/ramse.es\/wordpress\/wp-content\/uploads\/2026\/05\/IMG_8252-150x150.jpg\" class=\"attachment-thumbnail size-thumbnail\" alt=\"\" srcset=\"https:\/\/ramse.es\/wordpress\/wp-content\/uploads\/2026\/05\/IMG_8252-66x66.jpg 66w, https:\/\/ramse.es\/wordpress\/wp-content\/uploads\/2026\/05\/IMG_8252-150x150.jpg 150w, https:\/\/ramse.es\/wordpress\/wp-content\/uploads\/2026\/05\/IMG_8252-300x300.jpg 300w\" sizes=\"(max-width: 150px) 100vw, 150px\" \/><\/a>\n\t\t\t<\/dt><\/dl><dl class='gallery-item'>\n\t\t\t<dt class='gallery-icon landscape'>\n\t\t\t\t<a href='https:\/\/ramse.es\/wordpress\/recepcion-del-dr-rafael-de-cabo-como-academico-correspondiente-internacional\/attachment\/26040352\/'><img decoding=\"async\" width=\"150\" height=\"150\" src=\"https:\/\/ramse.es\/wordpress\/wp-content\/uploads\/2026\/05\/26040352-150x150.jpg\" class=\"attachment-thumbnail size-thumbnail\" alt=\"\" srcset=\"https:\/\/ramse.es\/wordpress\/wp-content\/uploads\/2026\/05\/26040352-66x66.jpg 66w, https:\/\/ramse.es\/wordpress\/wp-content\/uploads\/2026\/05\/26040352-150x150.jpg 150w, https:\/\/ramse.es\/wordpress\/wp-content\/uploads\/2026\/05\/26040352-300x300.jpg 300w\" sizes=\"(max-width: 150px) 100vw, 150px\" \/><\/a>\n\t\t\t<\/dt><\/dl><dl class='gallery-item'>\n\t\t\t<dt class='gallery-icon landscape'>\n\t\t\t\t<a href='https:\/\/ramse.es\/wordpress\/recepcion-del-dr-rafael-de-cabo-como-academico-correspondiente-internacional\/attachment\/26040359\/'><img decoding=\"async\" width=\"150\" height=\"150\" src=\"https:\/\/ramse.es\/wordpress\/wp-content\/uploads\/2026\/05\/26040359-150x150.jpg\" class=\"attachment-thumbnail size-thumbnail\" alt=\"\" srcset=\"https:\/\/ramse.es\/wordpress\/wp-content\/uploads\/2026\/05\/26040359-66x66.jpg 66w, https:\/\/ramse.es\/wordpress\/wp-content\/uploads\/2026\/05\/26040359-150x150.jpg 150w, https:\/\/ramse.es\/wordpress\/wp-content\/uploads\/2026\/05\/26040359-300x300.jpg 300w\" sizes=\"(max-width: 150px) 100vw, 150px\" \/><\/a>\n\t\t\t<\/dt><\/dl><br style=\"clear: both\" \/><dl class='gallery-item'>\n\t\t\t<dt class='gallery-icon landscape'>\n\t\t\t\t<a href='https:\/\/ramse.es\/wordpress\/recepcion-del-dr-rafael-de-cabo-como-academico-correspondiente-internacional\/attachment\/26040292\/'><img decoding=\"async\" width=\"150\" height=\"150\" src=\"https:\/\/ramse.es\/wordpress\/wp-content\/uploads\/2026\/05\/26040292-150x150.jpg\" class=\"attachment-thumbnail size-thumbnail\" alt=\"\" srcset=\"https:\/\/ramse.es\/wordpress\/wp-content\/uploads\/2026\/05\/26040292-66x66.jpg 66w, https:\/\/ramse.es\/wordpress\/wp-content\/uploads\/2026\/05\/26040292-150x150.jpg 150w, https:\/\/ramse.es\/wordpress\/wp-content\/uploads\/2026\/05\/26040292-300x300.jpg 300w\" sizes=\"(max-width: 150px) 100vw, 150px\" \/><\/a>\n\t\t\t<\/dt><\/dl><dl class='gallery-item'>\n\t\t\t<dt class='gallery-icon landscape'>\n\t\t\t\t<a href='https:\/\/ramse.es\/wordpress\/recepcion-del-dr-rafael-de-cabo-como-academico-correspondiente-internacional\/attachment\/26040303\/'><img decoding=\"async\" width=\"150\" height=\"150\" src=\"https:\/\/ramse.es\/wordpress\/wp-content\/uploads\/2026\/05\/26040303-150x150.jpg\" class=\"attachment-thumbnail size-thumbnail\" alt=\"\" srcset=\"https:\/\/ramse.es\/wordpress\/wp-content\/uploads\/2026\/05\/26040303-66x66.jpg 66w, https:\/\/ramse.es\/wordpress\/wp-content\/uploads\/2026\/05\/26040303-150x150.jpg 150w, https:\/\/ramse.es\/wordpress\/wp-content\/uploads\/2026\/05\/26040303-300x300.jpg 300w\" sizes=\"(max-width: 150px) 100vw, 150px\" \/><\/a>\n\t\t\t<\/dt><\/dl><dl class='gallery-item'>\n\t\t\t<dt class='gallery-icon landscape'>\n\t\t\t\t<a href='https:\/\/ramse.es\/wordpress\/recepcion-del-dr-rafael-de-cabo-como-academico-correspondiente-internacional\/attachment\/26040313\/'><img decoding=\"async\" width=\"150\" height=\"150\" src=\"https:\/\/ramse.es\/wordpress\/wp-content\/uploads\/2026\/05\/26040313-150x150.jpg\" class=\"attachment-thumbnail size-thumbnail\" alt=\"\" srcset=\"https:\/\/ramse.es\/wordpress\/wp-content\/uploads\/2026\/05\/26040313-66x66.jpg 66w, https:\/\/ramse.es\/wordpress\/wp-content\/uploads\/2026\/05\/26040313-150x150.jpg 150w, https:\/\/ramse.es\/wordpress\/wp-content\/uploads\/2026\/05\/26040313-300x300.jpg 300w\" sizes=\"(max-width: 150px) 100vw, 150px\" \/><\/a>\n\t\t\t<\/dt><\/dl><br style=\"clear: both\" \/><dl class='gallery-item'>\n\t\t\t<dt class='gallery-icon landscape'>\n\t\t\t\t<a href='https:\/\/ramse.es\/wordpress\/recepcion-del-dr-rafael-de-cabo-como-academico-correspondiente-internacional\/attachment\/26040331\/'><img decoding=\"async\" width=\"150\" height=\"150\" src=\"https:\/\/ramse.es\/wordpress\/wp-content\/uploads\/2026\/05\/26040331-150x150.jpg\" class=\"attachment-thumbnail size-thumbnail\" alt=\"\" srcset=\"https:\/\/ramse.es\/wordpress\/wp-content\/uploads\/2026\/05\/26040331-66x66.jpg 66w, https:\/\/ramse.es\/wordpress\/wp-content\/uploads\/2026\/05\/26040331-150x150.jpg 150w, https:\/\/ramse.es\/wordpress\/wp-content\/uploads\/2026\/05\/26040331-300x300.jpg 300w\" sizes=\"(max-width: 150px) 100vw, 150px\" \/><\/a>\n\t\t\t<\/dt><\/dl><dl class='gallery-item'>\n\t\t\t<dt class='gallery-icon portrait'>\n\t\t\t\t<a href='https:\/\/ramse.es\/wordpress\/recepcion-del-dr-rafael-de-cabo-como-academico-correspondiente-internacional\/attachment\/26040334\/'><img decoding=\"async\" width=\"150\" height=\"150\" src=\"https:\/\/ramse.es\/wordpress\/wp-content\/uploads\/2026\/05\/26040334-150x150.jpg\" class=\"attachment-thumbnail size-thumbnail\" alt=\"\" srcset=\"https:\/\/ramse.es\/wordpress\/wp-content\/uploads\/2026\/05\/26040334-66x66.jpg 66w, https:\/\/ramse.es\/wordpress\/wp-content\/uploads\/2026\/05\/26040334-150x150.jpg 150w, https:\/\/ramse.es\/wordpress\/wp-content\/uploads\/2026\/05\/26040334-300x300.jpg 300w\" sizes=\"(max-width: 150px) 100vw, 150px\" \/><\/a>\n\t\t\t<\/dt><\/dl><dl class='gallery-item'>\n\t\t\t<dt class='gallery-icon portrait'>\n\t\t\t\t<a href='https:\/\/ramse.es\/wordpress\/recepcion-del-dr-rafael-de-cabo-como-academico-correspondiente-internacional\/dr-rafael-de-cabo-ramse\/'><img decoding=\"async\" width=\"150\" height=\"150\" src=\"https:\/\/ramse.es\/wordpress\/wp-content\/uploads\/2026\/05\/Dr.-Rafael-de-Cabo.-RAMSE-150x150.jpg\" class=\"attachment-thumbnail size-thumbnail\" alt=\"\" srcset=\"https:\/\/ramse.es\/wordpress\/wp-content\/uploads\/2026\/05\/Dr.-Rafael-de-Cabo.-RAMSE-66x66.jpg 66w, https:\/\/ramse.es\/wordpress\/wp-content\/uploads\/2026\/05\/Dr.-Rafael-de-Cabo.-RAMSE-150x150.jpg 150w, https:\/\/ramse.es\/wordpress\/wp-content\/uploads\/2026\/05\/Dr.-Rafael-de-Cabo.-RAMSE-300x300.jpg 300w\" sizes=\"(max-width: 150px) 100vw, 150px\" \/><\/a>\n\t\t\t<\/dt><\/dl><br style=\"clear: both\" \/>\n\t\t<\/div>\n\n<p>&nbsp;<\/p>\n","protected":false},"excerpt":{"rendered":"<p>La biolog\u00eda del envejecimiento, clave para transformar la medicina del siglo XXI El doctor Rafael de Cabo Moreno, referente internacional en envejecimiento y longevidad y nuevo Acad\u00e9mico Correspondiente Internacional de la RAMSE, analiz\u00f3 c\u00f3mo los \u00faltimos avances cient\u00edficos sobre la biolog\u00eda del envejecimiento pueden contribuir a una medicina m\u00e1s preventiva ante el reto del envejecimiento poblacional En este contexto, se\u00f1al\u00f3 que Espa\u00f1a, con una esperanza de vida media de 84 a\u00f1os, refleja con claridad el gran desaf\u00edo actual: no solo vivir m\u00e1s, sino vivir mejor y con m\u00e1s a\u00f1os de salud. La Real Academia de Medicina y Cirug\u00eda de Sevilla (RAMSE) [&hellip;]<\/p>\n","protected":false},"author":4,"featured_media":5861,"comment_status":"open","ping_status":"open","sticky":false,"template":"","format":"standard","meta":{"_monsterinsights_skip_tracking":false,"_monsterinsights_sitenote_active":false,"_monsterinsights_sitenote_note":"","_monsterinsights_sitenote_category":0,"footnotes":""},"categories":[407,64],"tags":[],"class_list":["post-5857","post","type-post","status-publish","format-standard","has-post-thumbnail","hentry","category-academico-correspondiente-internacional","category-academicos-correspondientes"],"_links":{"self":[{"href":"https:\/\/ramse.es\/wordpress\/wp-json\/wp\/v2\/posts\/5857","targetHints":{"allow":["GET"]}}],"collection":[{"href":"https:\/\/ramse.es\/wordpress\/wp-json\/wp\/v2\/posts"}],"about":[{"href":"https:\/\/ramse.es\/wordpress\/wp-json\/wp\/v2\/types\/post"}],"author":[{"embeddable":true,"href":"https:\/\/ramse.es\/wordpress\/wp-json\/wp\/v2\/users\/4"}],"replies":[{"embeddable":true,"href":"https:\/\/ramse.es\/wordpress\/wp-json\/wp\/v2\/comments?post=5857"}],"version-history":[{"count":5,"href":"https:\/\/ramse.es\/wordpress\/wp-json\/wp\/v2\/posts\/5857\/revisions"}],"predecessor-version":[{"id":5872,"href":"https:\/\/ramse.es\/wordpress\/wp-json\/wp\/v2\/posts\/5857\/revisions\/5872"}],"wp:featuredmedia":[{"embeddable":true,"href":"https:\/\/ramse.es\/wordpress\/wp-json\/wp\/v2\/media\/5861"}],"wp:attachment":[{"href":"https:\/\/ramse.es\/wordpress\/wp-json\/wp\/v2\/media?parent=5857"}],"wp:term":[{"taxonomy":"category","embeddable":true,"href":"https:\/\/ramse.es\/wordpress\/wp-json\/wp\/v2\/categories?post=5857"},{"taxonomy":"post_tag","embeddable":true,"href":"https:\/\/ramse.es\/wordpress\/wp-json\/wp\/v2\/tags?post=5857"}],"curies":[{"name":"wp","href":"https:\/\/api.w.org\/{rel}","templated":true}]}}