{"id":5723,"date":"2026-03-04T17:20:23","date_gmt":"2026-03-04T15:20:23","guid":{"rendered":"https:\/\/ramse.es\/wordpress\/?p=5723"},"modified":"2026-03-04T17:20:23","modified_gmt":"2026-03-04T15:20:23","slug":"la-obesidad-crece-en-sevilla-y-ya-supera-el-35-de-la-poblacion","status":"publish","type":"post","link":"https:\/\/ramse.es\/wordpress\/la-obesidad-crece-en-sevilla-y-ya-supera-el-35-de-la-poblacion\/","title":{"rendered":"La obesidad crece en Sevilla y ya supera el 35% de la poblaci\u00f3n"},"content":{"rendered":"<p>La obesidad grave, la forma m\u00e1s severa de obesidad, es una realidad cada vez m\u00e1s presente en Sevilla superando ya el 35% de la poblaci\u00f3n. Los especialistas advierten de que en consulta se observan m\u00e1s casos de obesidad severa, con pacientes que llegan con enfermedades asociadas y una p\u00e9rdida progresiva de movilidad y calidad de vida.<\/p>\n<p>La Fundaci\u00f3n Real Academia de Medicina y Cirug\u00eda de Sevilla (RAMSE) ha abordado esta problem\u00e1tica en una nueva sesi\u00f3n acad\u00e9mica de la C\u00e1tedra de Obesidad y Enfermedades Metab\u00f3licas Asociadas (EMA), dirigida por el <strong>Prof. Dr. Eduardo Dom\u00ednguez-Adame Lanuza<\/strong>, Acad\u00e9mico Correspondiente de la instituci\u00f3n. Seg\u00fan ha explicado su director, \u201cla C\u00e1tedra pretende ser un foro cient\u00edfico y divulgativo que analiza el impacto social y sanitario de la obesidad y las patolog\u00edas metab\u00f3licas, as\u00ed como sus opciones preventivas, educativas y terap\u00e9uticas\u201d.<\/p>\n<p>La sesi\u00f3n, celebrada bajo el t\u00edtulo <strong><em>\u201cTerap\u00e9utica Endosc\u00f3pica de la Obesidad<\/em><\/strong><em>\u201d,<\/em> ha contado con la participaci\u00f3n del <strong>profesor Dr. Felipe Mart\u00ednez Alcal\u00e1<\/strong>, Acad\u00e9mico de N\u00famero de la RAMSE en la plaza de Medicina Interna: Aparato Digestivo, y se ha centrado en la terap\u00e9utica endosc\u00f3pica de la obesidad grave. A continuaci\u00f3n, Dom\u00ednguez-Adame Lanuza, director de la C\u00e1tedra y moderador del acto, ha realizado una evaluaci\u00f3n del abordaje terap\u00e9utico endosc\u00f3pico versus quir\u00fargico seg\u00fan la evidencia cient\u00edfica.<\/p>\n<p>\u201cLa obesidad grave es una enfermedad sist\u00e9mica y cr\u00f3nica que incrementa de forma significativa el riesgo de morbimortalidad de los pacientes que la padecen, incrementando exponencialmente la muerte por <strong>procesos cardiovasculares, respiratorios y cancer\u00edgenos<\/strong>\u201d, ha explicado Dom\u00ednguez-Adame Lanuza, director de la C\u00e1tedra y jefe de la Unidad de Cirug\u00eda Es\u00f3fago-G\u00e1strica, Metab\u00f3lica y Bari\u00e1trica del Hospital Universitario Virgen Macarena, adem\u00e1s de profesor vinculado al Departamento de Cirug\u00eda de la Universidad de Sevilla.<\/p>\n<p>Por ello, los especialistas han subrayado <strong>la necesidad de un abordaje integral<\/strong> que combine prevenci\u00f3n, seguimiento y acceso a tratamientos m\u00e9dico-quir\u00fargicos eficaces. El enfoque multimodal es especialmente relevante en una enfermedad que, sin intervenci\u00f3n, tiende a progresar y a multiplicar el riesgo de otras enfermedades asociadas.<\/p>\n<p>De cara al <strong>D\u00eda Mundial de la Obesidad que se celebra ma\u00f1ana, 4 de marzo<\/strong>, tanto la Sociedad Espa\u00f1ola de Medicina Interna (SEMI), la Sociedad Espa\u00f1ola Cirug\u00eda de la Obesidad y Enfermedades Metab\u00f3licas Asociadas (SECO), la Sociedad Espa\u00f1ola de Endocrinolog\u00eda (SEEN) y Sociedad Espa\u00f1ola Estudio de la Obesidad (SEDO) han reclamado reconocer la obesidad como una enfermedad cr\u00f3nica y compleja.<\/p>\n<p>Seg\u00fan la Encuesta de Salud de Espa\u00f1a 2023, elaborada por el Instituto Nacional de Estad\u00edstica (INE) y el Ministerio de Sanidad, <strong>la obesidad grave afect\u00f3 al 15,2 % de los adultos espa\u00f1oles en 2023, mientras que el 39,8 % presentaba sobrepeso u obesidad combinados<\/strong>.<\/p>\n<p>Adem\u00e1s, datos publicados por la Agencia Espa\u00f1ola de Seguridad Alimentaria y Nutrici\u00f3n (AESAN) \u2014organismo aut\u00f3nomo adscrito al Ministerio de Derechos Sociales, Consumo y Agenda 2030 encargado de promover la seguridad alimentaria y la nutrici\u00f3n\u2014 <strong>estiman que la obesidad severa ronda el 4,9 % de la poblaci\u00f3n infantil en Espa\u00f1a<\/strong>. Estos indicadores reflejan la dimensi\u00f3n y el impacto sanitario de esta enfermedad, que los m\u00e9dicos y cirujanos piden abordar con atenci\u00f3n integral y multidisciplinar.<\/p>\n<p>Los especialistas tambi\u00e9n recuerdan que, en los casos m\u00e1s extremos, <strong>la obesidad puede reducir la esperanza de vida hasta en 20 a\u00f1os<\/strong>, adem\u00e1s de aumentar el riesgo de complicaciones graves por infecciones y enfermedades cardiovasculares.<\/p>\n<p><strong>Opciones terap\u00e9uticas disponibles<\/strong><\/p>\n<p>Uno de los puntos centrales de la sesi\u00f3n celebrada hoy en Sevilla ha sido la revisi\u00f3n de las opciones terap\u00e9uticas disponibles en la actualidad, desde la terap\u00e9utica endosc\u00f3pica hasta la cirug\u00eda bari\u00e1trica.<\/p>\n<p>La <strong>cirug\u00eda bari\u00e1trica (bypass g\u00e1strico o manga g\u00e1strica)<\/strong> contin\u00faa consider\u00e1ndose el tratamiento m\u00e1s eficaz en los casos de obesidad grave, por su capacidad de lograr una p\u00e9rdida de peso significativa y sostenida y mejorar comorbilidades como la diabetes tipo 2 o la hipertensi\u00f3n.<\/p>\n<p>Al mismo tiempo, las <strong>t\u00e9cnicas endosc\u00f3picas<\/strong> ganan protagonismo en determinados pacientes, especialmente como alternativa o escal\u00f3n previo dentro del abordaje global.<\/p>\n<p>\u201cLa cirug\u00eda bari\u00e1trica no ha sido destronada. Sigue siendo la intervenci\u00f3n m\u00e1s potente que tenemos en el tratamiento para la obesidad grave y sus comorbilidades. <strong>La terapia endosc\u00f3pica bari\u00e1trica no es un competidor, es un aliado estrat\u00e9gico.<\/strong> Ha democratizado el acceso a tratamientos intervencionistas, llenando un vac\u00edo terap\u00e9utico crucial para aquellos a quienes la cirug\u00eda no llega o no es aceptable\u201d, ha explicado el doctor Eduardo Dom\u00ednguez-Adame Lanuza.<\/p>\n<p>El acto ha estado presidido por el vicepresidente de la Real Academia de Medicina y Cirug\u00eda de Sevilla, el <strong>Dr. Juan Sabat\u00e9 D\u00edaz<\/strong>.<\/p>\n<p><strong>Fundaci\u00f3n RAMSE<\/strong><\/p>\n<p>La \u2018C\u00e1tedra de Obesidad y Enfermedades Metab\u00f3licas Asociadas\u2019 cuenta con el respaldo de sociedades cient\u00edficas nacionales e internacionales como la Sociedad Espa\u00f1ola de Obesidad (SEEDO), la Sociedad Espa\u00f1ola de Endocrinolog\u00eda y Nutrici\u00f3n (SEEN), la Sociedad Espa\u00f1ola de Obesidad M\u00f3rbida (SECO) y la International Federation for the Surgery of Obesity (IFSO). Adem\u00e1s, colabora activamente la Asociaci\u00f3n Nacional de Personas que Viven con Obesidad (ANPO), reforzando el enfoque social y divulgativo de la iniciativa.<\/p>\n<p>Puede visualizar la sesi\u00f3n en <a href=\"https:\/\/www.youtube.com\/watch?v=UnouHQqytfs\" target=\"_blank\" rel=\"noopener\">este enlace<\/a>.<\/p>\n<p><iframe title=\"YouTube video player\" src=\"https:\/\/www.youtube.com\/embed\/UnouHQqytfs?si=xy-F7WmZVXjjjXPa\" width=\"560\" height=\"315\" frameborder=\"0\" allowfullscreen=\"allowfullscreen\"><\/iframe><\/p>\n<p>Galer\u00eda de fotos<\/p>\n\n\t\t<style type=\"text\/css\">\n\t\t\t#gallery-1 {\n\t\t\t\tmargin: auto;\n\t\t\t}\n\t\t\t#gallery-1 .gallery-item {\n\t\t\t\tfloat: left;\n\t\t\t\tmargin-top: 10px;\n\t\t\t\ttext-align: center;\n\t\t\t\twidth: 33%;\n\t\t\t}\n\t\t\t#gallery-1 img {\n\t\t\t\tborder: 2px solid #cfcfcf;\n\t\t\t}\n\t\t\t#gallery-1 .gallery-caption {\n\t\t\t\tmargin-left: 0;\n\t\t\t}\n\t\t\t\/* see gallery_shortcode() in wp-includes\/media.php *\/\n\t\t<\/style>\n\t\t<div id='gallery-1' class='gallery galleryid-5723 gallery-columns-3 gallery-size-thumbnail'><dl class='gallery-item'>\n\t\t\t<dt class='gallery-icon landscape'>\n\t\t\t\t<a href='https:\/\/ramse.es\/wordpress\/la-obesidad-crece-en-sevilla-y-ya-supera-el-35-de-la-poblacion\/20260303_185512\/'><img decoding=\"async\" width=\"150\" height=\"150\" src=\"https:\/\/ramse.es\/wordpress\/wp-content\/uploads\/2026\/03\/20260303_185512-150x150.jpg\" class=\"attachment-thumbnail size-thumbnail\" alt=\"\" srcset=\"https:\/\/ramse.es\/wordpress\/wp-content\/uploads\/2026\/03\/20260303_185512-66x66.jpg 66w, https:\/\/ramse.es\/wordpress\/wp-content\/uploads\/2026\/03\/20260303_185512-150x150.jpg 150w, https:\/\/ramse.es\/wordpress\/wp-content\/uploads\/2026\/03\/20260303_185512-300x300.jpg 300w\" sizes=\"(max-width: 150px) 100vw, 150px\" \/><\/a>\n\t\t\t<\/dt><\/dl><dl class='gallery-item'>\n\t\t\t<dt class='gallery-icon portrait'>\n\t\t\t\t<a href='https:\/\/ramse.es\/wordpress\/la-obesidad-crece-en-sevilla-y-ya-supera-el-35-de-la-poblacion\/attachment\/5\/'><img decoding=\"async\" width=\"150\" height=\"150\" src=\"https:\/\/ramse.es\/wordpress\/wp-content\/uploads\/2026\/03\/5-150x150.jpg\" class=\"attachment-thumbnail size-thumbnail\" alt=\"\" srcset=\"https:\/\/ramse.es\/wordpress\/wp-content\/uploads\/2026\/03\/5-66x66.jpg 66w, https:\/\/ramse.es\/wordpress\/wp-content\/uploads\/2026\/03\/5-150x150.jpg 150w, https:\/\/ramse.es\/wordpress\/wp-content\/uploads\/2026\/03\/5-300x300.jpg 300w\" sizes=\"(max-width: 150px) 100vw, 150px\" \/><\/a>\n\t\t\t<\/dt><\/dl><dl class='gallery-item'>\n\t\t\t<dt class='gallery-icon portrait'>\n\t\t\t\t<a href='https:\/\/ramse.es\/wordpress\/la-obesidad-crece-en-sevilla-y-ya-supera-el-35-de-la-poblacion\/20260303_190923\/'><img decoding=\"async\" width=\"150\" height=\"150\" src=\"https:\/\/ramse.es\/wordpress\/wp-content\/uploads\/2026\/03\/20260303_190923-150x150.jpg\" class=\"attachment-thumbnail size-thumbnail\" alt=\"\" srcset=\"https:\/\/ramse.es\/wordpress\/wp-content\/uploads\/2026\/03\/20260303_190923-66x66.jpg 66w, https:\/\/ramse.es\/wordpress\/wp-content\/uploads\/2026\/03\/20260303_190923-150x150.jpg 150w, https:\/\/ramse.es\/wordpress\/wp-content\/uploads\/2026\/03\/20260303_190923-300x300.jpg 300w\" sizes=\"(max-width: 150px) 100vw, 150px\" \/><\/a>\n\t\t\t<\/dt><\/dl><br style=\"clear: both\" \/><dl class='gallery-item'>\n\t\t\t<dt class='gallery-icon portrait'>\n\t\t\t\t<a href='https:\/\/ramse.es\/wordpress\/la-obesidad-crece-en-sevilla-y-ya-supera-el-35-de-la-poblacion\/attachment\/3\/'><img decoding=\"async\" width=\"150\" height=\"150\" src=\"https:\/\/ramse.es\/wordpress\/wp-content\/uploads\/2026\/03\/3-150x150.jpg\" class=\"attachment-thumbnail size-thumbnail\" alt=\"\" srcset=\"https:\/\/ramse.es\/wordpress\/wp-content\/uploads\/2026\/03\/3-66x66.jpg 66w, https:\/\/ramse.es\/wordpress\/wp-content\/uploads\/2026\/03\/3-150x150.jpg 150w, https:\/\/ramse.es\/wordpress\/wp-content\/uploads\/2026\/03\/3-300x300.jpg 300w\" sizes=\"(max-width: 150px) 100vw, 150px\" \/><\/a>\n\t\t\t<\/dt><\/dl><dl class='gallery-item'>\n\t\t\t<dt class='gallery-icon landscape'>\n\t\t\t\t<a href='https:\/\/ramse.es\/wordpress\/la-obesidad-crece-en-sevilla-y-ya-supera-el-35-de-la-poblacion\/attachment\/4\/'><img decoding=\"async\" width=\"150\" height=\"150\" src=\"https:\/\/ramse.es\/wordpress\/wp-content\/uploads\/2026\/03\/4-150x150.jpg\" class=\"attachment-thumbnail size-thumbnail\" alt=\"\" srcset=\"https:\/\/ramse.es\/wordpress\/wp-content\/uploads\/2026\/03\/4-66x66.jpg 66w, https:\/\/ramse.es\/wordpress\/wp-content\/uploads\/2026\/03\/4-150x150.jpg 150w, https:\/\/ramse.es\/wordpress\/wp-content\/uploads\/2026\/03\/4-300x300.jpg 300w\" sizes=\"(max-width: 150px) 100vw, 150px\" \/><\/a>\n\t\t\t<\/dt><\/dl><dl class='gallery-item'>\n\t\t\t<dt class='gallery-icon landscape'>\n\t\t\t\t<a href='https:\/\/ramse.es\/wordpress\/la-obesidad-crece-en-sevilla-y-ya-supera-el-35-de-la-poblacion\/attachment\/26030010\/'><img decoding=\"async\" width=\"150\" height=\"150\" src=\"https:\/\/ramse.es\/wordpress\/wp-content\/uploads\/2026\/03\/26030010-150x150.jpg\" class=\"attachment-thumbnail size-thumbnail\" alt=\"\" srcset=\"https:\/\/ramse.es\/wordpress\/wp-content\/uploads\/2026\/03\/26030010-66x66.jpg 66w, https:\/\/ramse.es\/wordpress\/wp-content\/uploads\/2026\/03\/26030010-150x150.jpg 150w, https:\/\/ramse.es\/wordpress\/wp-content\/uploads\/2026\/03\/26030010-300x300.jpg 300w\" sizes=\"(max-width: 150px) 100vw, 150px\" \/><\/a>\n\t\t\t<\/dt><\/dl><br style=\"clear: both\" \/>\n\t\t<\/div>\n\n","protected":false},"excerpt":{"rendered":"<p>La obesidad grave, la forma m\u00e1s severa de obesidad, es una realidad cada vez m\u00e1s presente en Sevilla superando ya el 35% de la poblaci\u00f3n. Los especialistas advierten de que en consulta se observan m\u00e1s casos de obesidad severa, con pacientes que llegan con enfermedades asociadas y una p\u00e9rdida progresiva de movilidad y calidad de vida. La Fundaci\u00f3n Real Academia de Medicina y Cirug\u00eda de Sevilla (RAMSE) ha abordado esta problem\u00e1tica en una nueva sesi\u00f3n acad\u00e9mica de la C\u00e1tedra de Obesidad y Enfermedades Metab\u00f3licas Asociadas (EMA), dirigida por el Prof. Dr. Eduardo Dom\u00ednguez-Adame Lanuza, Acad\u00e9mico Correspondiente de la instituci\u00f3n. Seg\u00fan ha [&hellip;]<\/p>\n","protected":false},"author":4,"featured_media":5729,"comment_status":"open","ping_status":"open","sticky":false,"template":"","format":"standard","meta":{"_monsterinsights_skip_tracking":false,"_monsterinsights_sitenote_active":false,"_monsterinsights_sitenote_note":"","_monsterinsights_sitenote_category":0,"footnotes":""},"categories":[369],"tags":[399],"class_list":["post-5723","post","type-post","status-publish","format-standard","has-post-thumbnail","hentry","category-catedra-de-obesidad-y-enfermedades-metabolicas-asociadas-ema","tag-obesidad"],"_links":{"self":[{"href":"https:\/\/ramse.es\/wordpress\/wp-json\/wp\/v2\/posts\/5723","targetHints":{"allow":["GET"]}}],"collection":[{"href":"https:\/\/ramse.es\/wordpress\/wp-json\/wp\/v2\/posts"}],"about":[{"href":"https:\/\/ramse.es\/wordpress\/wp-json\/wp\/v2\/types\/post"}],"author":[{"embeddable":true,"href":"https:\/\/ramse.es\/wordpress\/wp-json\/wp\/v2\/users\/4"}],"replies":[{"embeddable":true,"href":"https:\/\/ramse.es\/wordpress\/wp-json\/wp\/v2\/comments?post=5723"}],"version-history":[{"count":1,"href":"https:\/\/ramse.es\/wordpress\/wp-json\/wp\/v2\/posts\/5723\/revisions"}],"predecessor-version":[{"id":5735,"href":"https:\/\/ramse.es\/wordpress\/wp-json\/wp\/v2\/posts\/5723\/revisions\/5735"}],"wp:featuredmedia":[{"embeddable":true,"href":"https:\/\/ramse.es\/wordpress\/wp-json\/wp\/v2\/media\/5729"}],"wp:attachment":[{"href":"https:\/\/ramse.es\/wordpress\/wp-json\/wp\/v2\/media?parent=5723"}],"wp:term":[{"taxonomy":"category","embeddable":true,"href":"https:\/\/ramse.es\/wordpress\/wp-json\/wp\/v2\/categories?post=5723"},{"taxonomy":"post_tag","embeddable":true,"href":"https:\/\/ramse.es\/wordpress\/wp-json\/wp\/v2\/tags?post=5723"}],"curies":[{"name":"wp","href":"https:\/\/api.w.org\/{rel}","templated":true}]}}