{"id":5402,"date":"2025-05-26T19:04:43","date_gmt":"2025-05-26T17:04:43","guid":{"rendered":"https:\/\/ramse.es\/wordpress\/?p=5402"},"modified":"2025-05-29T09:38:24","modified_gmt":"2025-05-29T07:38:24","slug":"los-doctores-bernaldez-lopez-puerta-y-marquez-nuevos-academicos-correspondientes-de-la-ramse","status":"publish","type":"post","link":"https:\/\/ramse.es\/wordpress\/los-doctores-bernaldez-lopez-puerta-y-marquez-nuevos-academicos-correspondientes-de-la-ramse\/","title":{"rendered":"Los doctores Bern\u00e1ldez, L\u00f3pez-Puerta y M\u00e1rquez nuevos Acad\u00e9micos Correspondientes de la RAMSE"},"content":{"rendered":"<p>La Real Academia de Medicina y Cirug\u00eda de Sevilla en sesi\u00f3n solemne acogi\u00f3 el jueves 22 de mayo el acto de recepci\u00f3n de los doctores: Pedro Bern\u00e1ldez Dom\u00ednguez (Traumatolog\u00eda), Jos\u00e9 Mar\u00eda L\u00f3pez-Puerta Gonz\u00e1lez (Traumatolog\u00eda) y Francisco M\u00e1rquez Maraver (Ginecolog\u00eda y Obstetricia), como nuevos Acad\u00e9micos Correspondientes de la instituci\u00f3n.<\/p>\n<p><strong>Dr. Pedro Bern\u00e1ldez Dom\u00ednguez<\/strong><\/p>\n<p>El Dr. Pedro Bern\u00e1ldez Dom\u00ednguez, que ley\u00f3 su discurso de ingreso titulado:\u00a0<strong>\u201cLa Ortobiolog\u00eda Intervencionista: revolucionando la Medicina Regenerativa para un futuro m\u00e1s saludable\u201d<\/strong>, fue presentado por el Acad\u00e9mico de N\u00famero el Ilmo. Sr. Dr. D. Fernando S\u00e1enz L\u00f3pez de Rueda.<\/p>\n<p>Durante su ponencia abord\u00f3 c\u00f3mo las terapias biol\u00f3gicas -como el plasma rico en plaquetas, el aspirado de m\u00e9dula \u00f3sea o el tejido adiposo- est\u00e1n revolucionando el tratamiento de lesiones articulares, tendinosas, musculares y nerviosas. Bajo el modelo cl\u00ednico DEBA, que combina medicina deportiva, ecograf\u00eda, biol\u00f3gicos y artroscopia, el doctor expuso c\u00f3mo es posible <strong>evitar muchas cirug\u00edas y mejorar la calidad de vida de los pacientes mediante tratamientos personalizados, m\u00ednimamente invasivos y basados en la medicina regenerativa.<\/strong> La intervenci\u00f3n fue una defensa de una traumatolog\u00eda moderna, cient\u00edfica y respetuosa con el tejido.<\/p>\n<p>Adem\u00e1s, el Dr. Bern\u00e1ldez subray\u00f3 que \u201cla ortobiolog\u00eda intervencionista no es solo una t\u00e9cnica ni una moda: <strong>es una nueva forma de hacer medicina basada en la ciencia<\/strong>, el respeto al tejido y la funcionalidad del paciente. El futuro de la traumatolog\u00eda es regenerativo, guiado por imagen, m\u00ednimamente invasivo y personalizado.\u201d<\/p>\n<p>\u201cSer admitido como Acad\u00e9mico Correspondiente de la Real Academia de Medicina de Sevilla es, sin duda, uno de los mayores honores que he recibido en mi vida profesional. Pero tambi\u00e9n es, sobre todo, un momento de honda emoci\u00f3n personal. S\u00e9 que este nombramiento no es un punto de llegada, sino de partida. <strong>Porque la verdadera grandeza de una Academia no est\u00e1 en sus muros, sino en el compromiso de sus miembros<\/strong>. A partir de hoy, afronto con m\u00e1s responsabilidad y m\u00e1s ilusi\u00f3n cada paso. Me comprometo a seguir investigando, a seguir formando a otros m\u00e9dicos, a seguir so\u00f1ando con una medicina m\u00e1s humana, m\u00e1s regenerativa y m\u00e1s luminosa. Que esta distinci\u00f3n no me detenga, sino que me empuje\u201d, afirm\u00f3 el nuevo Acad\u00e9mico Correspondiente.<\/p>\n<p><strong>Dr. Jos\u00e9 Mar\u00eda L\u00f3pez-Puerta Gonz\u00e1lez<\/strong><\/p>\n<p>A continuaci\u00f3n, el Dr. Jos\u00e9 Mar\u00eda L\u00f3pez-Puerta Gonz\u00e1lez, con su discurso de ingreso titulado <strong>\u00abTratamiento de la Escoliosis. Actualidad y futuro<\/strong>\u00bb, fue presentado por el Acad\u00e9mico de N\u00famero el Ilmo. Sr. Dr. D. Jorge Dom\u00ednguez-Rodi\u00f1o S\u00e1nchez-Laulh\u00e9.<\/p>\n<p>Su intervenci\u00f3n se centr\u00f3 en <strong>el tratamiento de las deformidades de columna<\/strong>. Tradicionalmente, este enfoque se ha basado en el an\u00e1lisis de la alineaci\u00f3n coronal; sin embargo, en la \u00faltima d\u00e9cada, el <strong>equilibrio sagital<\/strong> ha adquirido un papel fundamental. En particular, el an\u00e1lisis de la <strong>incidencia p\u00e9lvica<\/strong> y su relaci\u00f3n con la <strong>lordosis lumbar<\/strong> y la <strong>inclinaci\u00f3n sacra<\/strong> ha resultado como uno de los criterios m\u00e1s fundamentales para comprender las patolog\u00edas de la columna vertebral y su tratamiento. Este enfoque entiende la columna como una <strong>cadena din\u00e1mica<\/strong>, que se adaptara para mantener una alineaci\u00f3n vertebral ideal en funci\u00f3n de su incidencia p\u00e9lvica que resulta ser un par\u00e1metro p\u00e9lvico anat\u00f3mico fijo y especifico de cada individuo.<\/p>\n<p>L\u00f3pez-Puerta destac\u00f3 el conocimiento del an\u00e1lisis sagital y sus par\u00e1metros funcionales, imprescindible a la hora de plantear el tratamiento de las patolog\u00edas de columna vertebral. Puesto que, <strong>en columna, un 30% de las cirug\u00edas presentan mala evoluci\u00f3n o complicaciones y de \u00e9stas hasta en un 70% se deben a d\u00e9ficit de alineaci\u00f3n sagital.<\/strong><\/p>\n<p>Para el Dr. L\u00f3pez-Puerta \u201cla toma de posesi\u00f3n como Acad\u00e9mico Correspondiente no es solo un honor y una satisfacci\u00f3n<strong>, sino un compromiso de colaboraci\u00f3n hacia la instituci\u00f3n, para hacer llegar sus valores a la sociedad y a los estamentos m\u00e9dicos<\/strong>. En nuestra familia el apego a la Real Academia es palpable en el d\u00eda a d\u00eda, as\u00ed me lo inculc\u00f3 mi padre tambi\u00e9n Acad\u00e9mico de la RAMSE\u201d<\/p>\n<p><strong>Dr. Francisco M\u00e1rquez Maraver<\/strong><\/p>\n<p>El Dr. Francisco M\u00e1rquez Maraver, especialista en ginecolog\u00eda, fue presentado por el Acad\u00e9mico de N\u00famero el Ilmo. Sr. Dr. D. Rogelio Garrido Teruel. Tom\u00f3 posesi\u00f3n con el discurso titulado:\u00a0<strong>\u201cEl reto de ejercer la medicina en general y la obstetricia y ginecolog\u00eda en particular en el dif\u00edcil contexto socioecon\u00f3mico actual\u201d.\u00a0<\/strong><\/p>\n<p>En su exposici\u00f3n abord\u00f3 los desaf\u00edos de ejercer la medicina -especialmente ginecolog\u00eda-en un contexto socioecon\u00f3mico cr\u00edtico, marcado por el \u201cb<em>urnout<\/em>\u201d m\u00e9dico, la precariedad laboral y una relaci\u00f3n m\u00e9dico-paciente deshumanizada. Destacando <strong>la feminizaci\u00f3n de la profesi\u00f3n, la saturaci\u00f3n tecnol\u00f3gica y la necesidad de equilibrar derechos y deberes en salud.<\/strong> En obstetricia, subraya el dilema entre avances m\u00e9dicos y la p\u00e9rdida del arte cl\u00ednico, advirtiendo sobre el riesgo de criminalizar el error.<\/p>\n<p>Con su discurso hizo \u201cun llamamiento al respeto mutuo m\u00e9dico-paciente y un compromiso por una medicina humanizada, centrada en la mujer\u201d. M\u00e1rquez destac\u00f3 el contexto sociosanitario y econ\u00f3mico actual ya que,\u00a0seg\u00fan un estudio de la Fundaci\u00f3n Galatea (2021), <strong>alrededor del 40% de los m\u00e9dicos en Espa\u00f1a presenten s\u00edntomas\u00a0del s\u00edndrome del quemado o burnout<\/strong>, con un 14% en niveles graves.<\/p>\n<p>Adem\u00e1s, hizo referencia a un informe del Consejo General de los Colegios Oficiales de M\u00e9dicos (CGCOM, 2022) que se\u00f1ala que <strong>m\u00e1s del 50% de los m\u00e9dicos espa\u00f1oles sufren estr\u00e9s laboral cr\u00f3nico y un 30% padecen burnout cl\u00ednicamente significativo.<\/strong><\/p>\n<p>\u201cHoy es un d\u00eda en el que en mi coraz\u00f3n resuena una profunda emoci\u00f3n y en mi mente pesa una enorme responsabilidad y agradecimiento por tanto honor. <strong>Este d\u00eda marca para m\u00ed no solo un reconocimiento a una trayectoria profesional, sino tambi\u00e9n un compromiso firme con el futuro de la medicina, de la ginecolog\u00eda y de todas las mujeres que conf\u00edan en nosotros, sus m\u00e9dicos, para velar por su salud<\/strong>\u201d, manifest\u00f3 M\u00e1rquez Maraver.<\/p>\n<p><strong>&#8212;\u00a0<\/strong><\/p>\n<p><strong>CV Dr. Pedro Bern\u00e1ldez Dom\u00ednguez<\/strong><\/p>\n<p>En 1990 comienza sus estudios en la Facultad de Medicina, donde entre otras muchas cuestiones llega a ser el delegado de clase y delegado de Facultad. En 1998 comienza la especialidad de Cirug\u00eda Ortop\u00e9dica y Traumatolog\u00eda a caballo entre Huelva y varios centros Nacionales y de EEUU (NYC).<\/p>\n<p>Durante 11 a\u00f1os fue adjunto al Servicio de Traumatolog\u00eda y Cirug\u00eda Ortop\u00e9dica del Hospital General de Riotinto. Responsable de la Unidad de Miembro Superior, Traumatolog\u00eda Deportiva y Cirug\u00eda Artrosc\u00f3pica (Cirug\u00eda Mayor Ambulatoria y la Cirug\u00eda M\u00ednimamente Invasiva) a\u00f1os 2003-2014.<\/p>\n<p>A su vez, en 2008 crea un concepto novedoso, \u2018<em>SportMe Medical Center\u2019<\/em>, exclusivo y pionero en el tratamiento integral del deportista, donde desarrolla toda su actividad en la atenci\u00f3n de este colectivo.<\/p>\n<p>Tambi\u00e9n desarrolla su actividad m\u00e9dica privada dentro del Grupo Traumainnova. Durante 4 a\u00f1os fue director del Equipo de Traumatolog\u00eda encargado de prestar las Urgencias Traumatol\u00f3gicas del Hospital NISA Sevilla-Aljarafe (2007-2010).<\/p>\n<p>Desde 2011 fue responsable de la Unidad de Traumatolog\u00eda Deportiva en el Hospital Quir\u00f3n Sagrado Coraz\u00f3n de Sevilla junto con el Dr Daniel Cansino hasta el 2018, as\u00ed como Traumat\u00f3logo del equipo \u2018<em>Sanitas Sport\u2019<\/em>.<\/p>\n<p>En 2018 instaura y define el PROTOCOLO DEBA como pauta de actuaci\u00f3n en su pr\u00e1ctica asistencial de sus pacientes.<\/p>\n<p><strong>CV Dr. Jos\u00e9 Mar\u00eda L\u00f3pez-Puerta Gonz\u00e1lez<\/strong><\/p>\n<p>El Dr. L\u00f3pez-Puerta Gonz\u00e1lez naci\u00f3 en Sevilla en 1970 curs\u00f3 sus estudios de licenciatura en Sevilla de 1988 a 1994. Posteriormente, fue alumno interno por oposici\u00f3n del departamento de cirug\u00eda del Hospital Virgen del Roc\u00edo.<\/p>\n<p>El grado de doctor lo alcanz\u00f3 en 2013 con la lectura de su tesis titulada \u201cC\u00e9lulas Madre Mesenquimales y un Biomaterial Bif\u00e1sico como Aplicaci\u00f3n en Terapia Celular para la regeneraci\u00f3n del Cart\u00edlago Articular de Rodilla\u201d.<\/p>\n<p>Dentro del apartado curricular de la formaci\u00f3n posgraduada, realiz\u00f3 esta como m\u00e9dico interno residente de la especialidad de cirug\u00eda ortop\u00e9dica y traumatolog\u00eda de 1999 a 2003 en el Hospital Juan Ram\u00f3n Jim\u00e9nez de Huelva. Desde bien pronto mostr\u00f3 su preferencia en dedicarse a la cirug\u00eda de la columna vertebral y as\u00ed fue m\u00e9dico adjunto de las unidades de columna del Hospital Onubense de 2004 a 2009 y de 2009 a 2010 en el Hospital Virgen Macarena de Sevilla. En 2010 obtuvo plaza por oposici\u00f3n como facultativo especialista de \u00e1rea en Hospital Virgen del Roc\u00edo de Sevilla.<\/p>\n<p>En su formaci\u00f3n destacan tres t\u00edtulos m\u00e1ster en cirug\u00eda de columna. A nivel internacional ha realizado estancias en prestigiosos centros dedicados a la cirug\u00eda del Raquis. Del mismo modo, ha recibido numerosos cursos de formaci\u00f3n, tanto nacionales como internacionales.<\/p>\n<p>Con respecto a los cargos institucionales, ha sido coordinador de la unidad de columna del Hospital Juan Ram\u00f3n Jim\u00e9nez de 2007 a 2009 y de 2011 a 2023 en el Hospital Virgen del Roc\u00edo. En 2024 obtuvo por oposici\u00f3n el cargo de jefe de secci\u00f3n de la unidad de columna pedi\u00e1trica y del adulto del Hospital Virgen del Roc\u00edo de Sevilla. Dirige tambi\u00e9n la unidad de columna del Hospital Quir\u00f3n Salud Sagrado Coraz\u00f3n de Sevilla.<\/p>\n<p>Es profesor asociado de cirug\u00eda ortop\u00e9dica traumatolog\u00eda desde 2017 en la Universidad de Sevilla y profesor de la asignatura de ingenier\u00eda de tejido en la Escuela de Ingenier\u00eda de la Salud de la Universidad hispalense desde 2020. Preside adem\u00e1s el comit\u00e9 cient\u00edfico de la Sociedad Espa\u00f1ola de Columnas desde 2024.<\/p>\n<p><strong>CV Dr. Francisco M\u00e1rquez Maraver<\/strong><\/p>\n<p>Estudi\u00f3 en la Facultad de Medicina de Sevilla (1979-1984). Doctor en Medicina por la lectura de la tesis doctoral: <strong>\u00abMadurez fetal en l\u00edquido amniotico: estudio comparativo de diversas pruebas diagn\u00f3sticas\u00bb <\/strong>obteniendo la calificaci\u00f3n de Apto Cum Laude por unanimidad.<\/p>\n<p>El Dr. M\u00e1rquez es especialista en obstetricia y ginecolog\u00eda v\u00eda MIR en el Hospital Maternal Ciudad Sanitaria Virgen del Roc\u00edo. Durante su periodo de formaci\u00f3n como residente destac\u00f3 por su calidad t\u00e9cnica, su buen car\u00e1cter con los compa\u00f1eros y humanidad con los pacientes.<\/p>\n<p>Ha sido jefe de secci\u00f3n de Ginecolog\u00eda Oncol\u00f3gica en el Hospital Universitario Virgen Macarena de Sevilla desde el a\u00f1o 2006 a 2013. Coordinador de la secci\u00f3n de ginecolog\u00eda oncol\u00f3gica desde junio del 2013 al 2017 y actualmente es el director de INSEGO, Instituto Sevillano de Ginecolog\u00eda y Obstetricia.<\/p>\n<p>El Dr. M\u00e1rquez est\u00e1 acreditado por la Agencia de Calidad Sanitaria Andaluza con el nivel de excelente. Es m\u00e1ster en ginecolog\u00eda oncol\u00f3gica, t\u00edtulo propio de la Universidad Cardenal Herrera Oria del CEU. Posee el t\u00edtulo de experto en c\u00e1ncer de ovario, vulva endometrio y sarcoma uterino y est\u00e1 en posesi\u00f3n de la certificaci\u00f3n ESGO, la Sociedad Europea de Obstetricia de Ginecolog\u00eda Oncol\u00f3gica como subespecialista ginecol\u00f3gico oncol\u00f3gico.<\/p>\n<p>Puede visualizar el video de la Toma de Posesi\u00f3n en <a href=\"https:\/\/youtu.be\/BMA4N4pg0P8\">este enlace<\/a>.<\/p>\n<p><iframe title=\"YouTube video player\" src=\"https:\/\/www.youtube.com\/embed\/BMA4N4pg0P8?si=mftl4wbmpFyzwsYW\" width=\"560\" height=\"315\" frameborder=\"0\" allowfullscreen=\"allowfullscreen\"><\/iframe><\/p>\n<p>&nbsp;<\/p>\n<p>Noticias relacionadas:<\/p>\n<ul>\n<li><a href=\"https:\/\/www.diariodesevilla.es\/sevilla\/real-academia-medicina-sevilla-tres-nuevos-academicos_0_2004031070.html\" target=\"_blank\" rel=\"noopener\">ABC de Sevilla<\/a><\/li>\n<li><a href=\"https:\/\/www.diariodesevilla.es\/sevilla\/real-academia-medicina-sevilla-tres-nuevos-academicos_0_2004031070.html\" target=\"_blank\" rel=\"noopener\">Diario de Sevilla<\/a><\/li>\n<\/ul>\n<p>GALER\u00cdA DE IM\u00c1GENES<\/p>\n\n\t\t<style type=\"text\/css\">\n\t\t\t#gallery-1 {\n\t\t\t\tmargin: auto;\n\t\t\t}\n\t\t\t#gallery-1 .gallery-item {\n\t\t\t\tfloat: left;\n\t\t\t\tmargin-top: 10px;\n\t\t\t\ttext-align: center;\n\t\t\t\twidth: 33%;\n\t\t\t}\n\t\t\t#gallery-1 img {\n\t\t\t\tborder: 2px solid #cfcfcf;\n\t\t\t}\n\t\t\t#gallery-1 .gallery-caption {\n\t\t\t\tmargin-left: 0;\n\t\t\t}\n\t\t\t\/* see gallery_shortcode() in wp-includes\/media.php *\/\n\t\t<\/style>\n\t\t<div id='gallery-1' class='gallery galleryid-5402 gallery-columns-3 gallery-size-thumbnail'><dl class='gallery-item'>\n\t\t\t<dt class='gallery-icon portrait'>\n\t\t\t\t<a href='https:\/\/ramse.es\/wordpress\/los-doctores-bernaldez-lopez-puerta-y-marquez-nuevos-academicos-correspondientes-de-la-ramse\/attachment\/25050306\/'><img decoding=\"async\" width=\"150\" height=\"150\" src=\"https:\/\/ramse.es\/wordpress\/wp-content\/uploads\/2025\/05\/25050306-150x150.jpg\" class=\"attachment-thumbnail size-thumbnail\" alt=\"\" srcset=\"https:\/\/ramse.es\/wordpress\/wp-content\/uploads\/2025\/05\/25050306-66x66.jpg 66w, https:\/\/ramse.es\/wordpress\/wp-content\/uploads\/2025\/05\/25050306-150x150.jpg 150w, https:\/\/ramse.es\/wordpress\/wp-content\/uploads\/2025\/05\/25050306-300x300.jpg 300w\" sizes=\"(max-width: 150px) 100vw, 150px\" \/><\/a>\n\t\t\t<\/dt><\/dl><dl class='gallery-item'>\n\t\t\t<dt class='gallery-icon portrait'>\n\t\t\t\t<a href='https:\/\/ramse.es\/wordpress\/los-doctores-bernaldez-lopez-puerta-y-marquez-nuevos-academicos-correspondientes-de-la-ramse\/attachment\/25050316\/'><img decoding=\"async\" width=\"150\" height=\"150\" src=\"https:\/\/ramse.es\/wordpress\/wp-content\/uploads\/2025\/05\/25050316-150x150.jpg\" class=\"attachment-thumbnail size-thumbnail\" alt=\"\" srcset=\"https:\/\/ramse.es\/wordpress\/wp-content\/uploads\/2025\/05\/25050316-66x66.jpg 66w, https:\/\/ramse.es\/wordpress\/wp-content\/uploads\/2025\/05\/25050316-150x150.jpg 150w, https:\/\/ramse.es\/wordpress\/wp-content\/uploads\/2025\/05\/25050316-300x300.jpg 300w\" sizes=\"(max-width: 150px) 100vw, 150px\" \/><\/a>\n\t\t\t<\/dt><\/dl><dl class='gallery-item'>\n\t\t\t<dt class='gallery-icon portrait'>\n\t\t\t\t<a href='https:\/\/ramse.es\/wordpress\/los-doctores-bernaldez-lopez-puerta-y-marquez-nuevos-academicos-correspondientes-de-la-ramse\/attachment\/25050327\/'><img decoding=\"async\" width=\"150\" height=\"150\" src=\"https:\/\/ramse.es\/wordpress\/wp-content\/uploads\/2025\/05\/25050327-150x150.jpg\" class=\"attachment-thumbnail size-thumbnail\" alt=\"\" srcset=\"https:\/\/ramse.es\/wordpress\/wp-content\/uploads\/2025\/05\/25050327-66x66.jpg 66w, https:\/\/ramse.es\/wordpress\/wp-content\/uploads\/2025\/05\/25050327-150x150.jpg 150w, https:\/\/ramse.es\/wordpress\/wp-content\/uploads\/2025\/05\/25050327-300x300.jpg 300w\" sizes=\"(max-width: 150px) 100vw, 150px\" \/><\/a>\n\t\t\t<\/dt><\/dl><br style=\"clear: both\" \/><dl class='gallery-item'>\n\t\t\t<dt class='gallery-icon landscape'>\n\t\t\t\t<a href='https:\/\/ramse.es\/wordpress\/los-doctores-bernaldez-lopez-puerta-y-marquez-nuevos-academicos-correspondientes-de-la-ramse\/attachment\/25050354\/'><img decoding=\"async\" width=\"150\" height=\"150\" src=\"https:\/\/ramse.es\/wordpress\/wp-content\/uploads\/2025\/05\/25050354-150x150.jpg\" class=\"attachment-thumbnail size-thumbnail\" alt=\"\" srcset=\"https:\/\/ramse.es\/wordpress\/wp-content\/uploads\/2025\/05\/25050354-66x66.jpg 66w, https:\/\/ramse.es\/wordpress\/wp-content\/uploads\/2025\/05\/25050354-150x150.jpg 150w, https:\/\/ramse.es\/wordpress\/wp-content\/uploads\/2025\/05\/25050354-300x300.jpg 300w\" sizes=\"(max-width: 150px) 100vw, 150px\" \/><\/a>\n\t\t\t<\/dt><\/dl><dl class='gallery-item'>\n\t\t\t<dt class='gallery-icon landscape'>\n\t\t\t\t<a href='https:\/\/ramse.es\/wordpress\/los-doctores-bernaldez-lopez-puerta-y-marquez-nuevos-academicos-correspondientes-de-la-ramse\/attachment\/25050358\/'><img decoding=\"async\" width=\"150\" height=\"150\" src=\"https:\/\/ramse.es\/wordpress\/wp-content\/uploads\/2025\/05\/25050358-150x150.jpg\" class=\"attachment-thumbnail size-thumbnail\" alt=\"\" srcset=\"https:\/\/ramse.es\/wordpress\/wp-content\/uploads\/2025\/05\/25050358-66x66.jpg 66w, https:\/\/ramse.es\/wordpress\/wp-content\/uploads\/2025\/05\/25050358-150x150.jpg 150w, https:\/\/ramse.es\/wordpress\/wp-content\/uploads\/2025\/05\/25050358-300x300.jpg 300w\" sizes=\"(max-width: 150px) 100vw, 150px\" \/><\/a>\n\t\t\t<\/dt><\/dl><dl class='gallery-item'>\n\t\t\t<dt class='gallery-icon landscape'>\n\t\t\t\t<a href='https:\/\/ramse.es\/wordpress\/los-doctores-bernaldez-lopez-puerta-y-marquez-nuevos-academicos-correspondientes-de-la-ramse\/attachment\/25050365\/'><img decoding=\"async\" width=\"150\" height=\"150\" src=\"https:\/\/ramse.es\/wordpress\/wp-content\/uploads\/2025\/05\/25050365-150x150.jpg\" class=\"attachment-thumbnail size-thumbnail\" alt=\"\" srcset=\"https:\/\/ramse.es\/wordpress\/wp-content\/uploads\/2025\/05\/25050365-66x66.jpg 66w, https:\/\/ramse.es\/wordpress\/wp-content\/uploads\/2025\/05\/25050365-150x150.jpg 150w, https:\/\/ramse.es\/wordpress\/wp-content\/uploads\/2025\/05\/25050365-300x300.jpg 300w\" sizes=\"(max-width: 150px) 100vw, 150px\" \/><\/a>\n\t\t\t<\/dt><\/dl><br style=\"clear: both\" \/>\n\t\t<\/div>\n\n","protected":false},"excerpt":{"rendered":"<p>La Real Academia de Medicina y Cirug\u00eda de Sevilla en sesi\u00f3n solemne acogi\u00f3 el jueves 22 de mayo el acto de recepci\u00f3n de los doctores: Pedro Bern\u00e1ldez Dom\u00ednguez (Traumatolog\u00eda), Jos\u00e9 Mar\u00eda L\u00f3pez-Puerta Gonz\u00e1lez (Traumatolog\u00eda) y Francisco M\u00e1rquez Maraver (Ginecolog\u00eda y Obstetricia), como nuevos Acad\u00e9micos Correspondientes de la instituci\u00f3n. Dr. Pedro Bern\u00e1ldez Dom\u00ednguez El Dr. Pedro Bern\u00e1ldez Dom\u00ednguez, que ley\u00f3 su discurso de ingreso titulado:\u00a0\u201cLa Ortobiolog\u00eda Intervencionista: revolucionando la Medicina Regenerativa para un futuro m\u00e1s saludable\u201d, fue presentado por el Acad\u00e9mico de N\u00famero el Ilmo. Sr. Dr. D. Fernando S\u00e1enz L\u00f3pez de Rueda. Durante su ponencia abord\u00f3 c\u00f3mo las terapias biol\u00f3gicas -como [&hellip;]<\/p>\n","protected":false},"author":4,"featured_media":5408,"comment_status":"open","ping_status":"open","sticky":false,"template":"","format":"standard","meta":{"_monsterinsights_skip_tracking":false,"_monsterinsights_sitenote_active":false,"_monsterinsights_sitenote_note":"","_monsterinsights_sitenote_category":0,"footnotes":""},"categories":[64,63],"tags":[343,342,341],"class_list":["post-5402","post","type-post","status-publish","format-standard","has-post-thumbnail","hentry","category-academicos-correspondientes","category-actos-academicos","tag-francisco-marquez-maraver","tag-jose-maria-lopez-puerta-gonzalez","tag-pedro-bernaldez-dominguez"],"_links":{"self":[{"href":"https:\/\/ramse.es\/wordpress\/wp-json\/wp\/v2\/posts\/5402","targetHints":{"allow":["GET"]}}],"collection":[{"href":"https:\/\/ramse.es\/wordpress\/wp-json\/wp\/v2\/posts"}],"about":[{"href":"https:\/\/ramse.es\/wordpress\/wp-json\/wp\/v2\/types\/post"}],"author":[{"embeddable":true,"href":"https:\/\/ramse.es\/wordpress\/wp-json\/wp\/v2\/users\/4"}],"replies":[{"embeddable":true,"href":"https:\/\/ramse.es\/wordpress\/wp-json\/wp\/v2\/comments?post=5402"}],"version-history":[{"count":4,"href":"https:\/\/ramse.es\/wordpress\/wp-json\/wp\/v2\/posts\/5402\/revisions"}],"predecessor-version":[{"id":5412,"href":"https:\/\/ramse.es\/wordpress\/wp-json\/wp\/v2\/posts\/5402\/revisions\/5412"}],"wp:featuredmedia":[{"embeddable":true,"href":"https:\/\/ramse.es\/wordpress\/wp-json\/wp\/v2\/media\/5408"}],"wp:attachment":[{"href":"https:\/\/ramse.es\/wordpress\/wp-json\/wp\/v2\/media?parent=5402"}],"wp:term":[{"taxonomy":"category","embeddable":true,"href":"https:\/\/ramse.es\/wordpress\/wp-json\/wp\/v2\/categories?post=5402"},{"taxonomy":"post_tag","embeddable":true,"href":"https:\/\/ramse.es\/wordpress\/wp-json\/wp\/v2\/tags?post=5402"}],"curies":[{"name":"wp","href":"https:\/\/api.w.org\/{rel}","templated":true}]}}