{"id":5236,"date":"2025-03-08T19:20:26","date_gmt":"2025-03-08T17:20:26","guid":{"rendered":"https:\/\/ramse.es\/wordpress\/?p=5236"},"modified":"2025-03-16T21:54:32","modified_gmt":"2025-03-16T19:54:32","slug":"mesa-redonda-lo-ultimo-en-el-tratamiento-de-las-fracturas","status":"publish","type":"post","link":"https:\/\/ramse.es\/wordpress\/mesa-redonda-lo-ultimo-en-el-tratamiento-de-las-fracturas\/","title":{"rendered":"Mesa Redonda: Lo \u00faltimo en el tratamiento de las fracturas"},"content":{"rendered":"<p>La Real Academia de Medicina y Cirug\u00eda de Sevilla ha acogido la mesa redonda titulada \u00abLo \u00faltimo en el tratamiento de las fracturas\u00bb, organizada por el Ilmo. Sr. Dr. D. Fernando S\u00e1enz L\u00f3pez de Rueda Acad\u00e9mico de N\u00famero de la RAMSE y Profesor Em\u00e9rito de la Universidad de Sevilla. Afirmando durante su presentaci\u00f3n que \u00abno estamos en posesi\u00f3n de l\u00edneas maestras para el tratamiento de las fracturas, ni de establecer algo as\u00ed como un dec\u00e1logo de aquello que como traumat\u00f3logos hemos de hacer frente a una fractura y menos a\u00fan en estos momentos de impensables avances biotecnol\u00f3gicos que nos atropellan. Solo perviven esos cuatro pilares b\u00e1sicos del tratamiento de toda fractura: salvar la vida, reducci\u00f3n, estabilizaci\u00f3n del foco y recuperaci\u00f3n funcional. Es el c\u00f3mo, el por qu\u00e9 y con qu\u00e9 hacerlo lo que cambia\u00bb.<\/p>\n<p>El encuentro cont\u00f3 con la participaci\u00f3n de expertos de primer nivel en el campo de la traumatolog\u00eda, quienes abordaron avances en el tratamiento de fracturas, incluyendo fracturas del acet\u00e1bulo, anillo p\u00e9lvico, columna y huesos largos. Se enfatiza la importancia de la formaci\u00f3n continua y la innovaci\u00f3n en t\u00e9cnicas quir\u00fargicas.<\/p>\n<p class=\"p2\">Dr. Pedro Cano Lu\u00eds, Acad\u00e9mico Correspondiente de la RAMSE. Jefe de Servicio de COT del H.U. Virgen del Roc\u00edo. Prof. Asociado y Referente Internacional en Fracturas de la Pelvis, expuso sobre \u201cInnovaciones en Fracturas del Acet\u00e1bulo y del Anillo P\u00e9lvico\u201d<\/p>\n<p class=\"p2\">Por su parte, el Dr. Ricardo Mena-Bernal Escobar, Presidente de la Sociedad Andaluza de Traumatolog\u00eda y Ortopedia. Profesor Asociado y Coordinador de la Unidad de Columna del H.U. Virgen de Valme, vers\u00f3 su intervenci\u00f3n sobre \u201cActualizaciones en Fracturas Vertebrales\u201d<\/p>\n<p class=\"p2\">El Dr. Xoan Garc\u00eda Fuentes, de la Unidad de Fracturas del Servicio de COT del H.U. Virgen Macarena, disert\u00f3 sobre las \u201cFracturas Diafisarias y Articulares de los Huesos Largos. Por qu\u00e9 de nuevos Sistemas de Osteos\u00edntesis\u201d<\/p>\n<p class=\"p2\">Mientras que el Dr. Pedro Bern\u00e1ldez Dom\u00ednguez, Especialista en COT. Director de la Unidad de Terapias Biol\u00f3gicas Ortobio. Acad\u00e9mico Correspondiente electo, desarroll\u00f3 su intervenci\u00f3n sobre el \u201cAporte de los Ortobiol\u00f3gicos en el Tratamiento de Retardos y Pseudoartrosis\u201d<\/p>\n<p>Puede visualizar la mesa redonda en <a href=\"https:\/\/youtu.be\/pjecSw8AN0U\" target=\"_blank\" rel=\"noopener\">este enlace<\/a>.<\/p>\n<p><iframe title=\"YouTube video player\" src=\"https:\/\/www.youtube.com\/embed\/pjecSw8AN0U?si=NX97VSVviaCKkcnU\" width=\"560\" height=\"315\" frameborder=\"0\" allowfullscreen=\"allowfullscreen\"><\/iframe><\/p>\n<p>&nbsp;<\/p>\n\n\t\t<style type=\"text\/css\">\n\t\t\t#gallery-1 {\n\t\t\t\tmargin: auto;\n\t\t\t}\n\t\t\t#gallery-1 .gallery-item {\n\t\t\t\tfloat: left;\n\t\t\t\tmargin-top: 10px;\n\t\t\t\ttext-align: center;\n\t\t\t\twidth: 33%;\n\t\t\t}\n\t\t\t#gallery-1 img {\n\t\t\t\tborder: 2px solid #cfcfcf;\n\t\t\t}\n\t\t\t#gallery-1 .gallery-caption {\n\t\t\t\tmargin-left: 0;\n\t\t\t}\n\t\t\t\/* see gallery_shortcode() in wp-includes\/media.php *\/\n\t\t<\/style>\n\t\t<div id='gallery-1' class='gallery galleryid-5236 gallery-columns-3 gallery-size-thumbnail'><dl class='gallery-item'>\n\t\t\t<dt class='gallery-icon landscape'>\n\t\t\t\t<a href='https:\/\/ramse.es\/wordpress\/mesa-redonda-lo-ultimo-en-el-tratamiento-de-las-fracturas\/attachment\/25030074\/'><img decoding=\"async\" width=\"150\" height=\"150\" src=\"https:\/\/ramse.es\/wordpress\/wp-content\/uploads\/2025\/03\/25030074-150x150.jpg\" class=\"attachment-thumbnail size-thumbnail\" alt=\"\" srcset=\"https:\/\/ramse.es\/wordpress\/wp-content\/uploads\/2025\/03\/25030074-66x66.jpg 66w, https:\/\/ramse.es\/wordpress\/wp-content\/uploads\/2025\/03\/25030074-150x150.jpg 150w, https:\/\/ramse.es\/wordpress\/wp-content\/uploads\/2025\/03\/25030074-300x300.jpg 300w\" sizes=\"(max-width: 150px) 100vw, 150px\" \/><\/a>\n\t\t\t<\/dt><\/dl><dl class='gallery-item'>\n\t\t\t<dt class='gallery-icon landscape'>\n\t\t\t\t<a href='https:\/\/ramse.es\/wordpress\/mesa-redonda-lo-ultimo-en-el-tratamiento-de-las-fracturas\/attachment\/25030092\/'><img decoding=\"async\" width=\"150\" height=\"150\" src=\"https:\/\/ramse.es\/wordpress\/wp-content\/uploads\/2025\/03\/25030092-150x150.jpg\" class=\"attachment-thumbnail size-thumbnail\" alt=\"\" srcset=\"https:\/\/ramse.es\/wordpress\/wp-content\/uploads\/2025\/03\/25030092-66x66.jpg 66w, https:\/\/ramse.es\/wordpress\/wp-content\/uploads\/2025\/03\/25030092-150x150.jpg 150w, https:\/\/ramse.es\/wordpress\/wp-content\/uploads\/2025\/03\/25030092-300x300.jpg 300w\" sizes=\"(max-width: 150px) 100vw, 150px\" \/><\/a>\n\t\t\t<\/dt><\/dl><dl class='gallery-item'>\n\t\t\t<dt class='gallery-icon landscape'>\n\t\t\t\t<a href='https:\/\/ramse.es\/wordpress\/mesa-redonda-lo-ultimo-en-el-tratamiento-de-las-fracturas\/attachment\/25030089\/'><img decoding=\"async\" width=\"150\" height=\"150\" src=\"https:\/\/ramse.es\/wordpress\/wp-content\/uploads\/2025\/03\/25030089-150x150.jpg\" class=\"attachment-thumbnail size-thumbnail\" alt=\"\" srcset=\"https:\/\/ramse.es\/wordpress\/wp-content\/uploads\/2025\/03\/25030089-66x66.jpg 66w, https:\/\/ramse.es\/wordpress\/wp-content\/uploads\/2025\/03\/25030089-150x150.jpg 150w, https:\/\/ramse.es\/wordpress\/wp-content\/uploads\/2025\/03\/25030089-300x300.jpg 300w\" sizes=\"(max-width: 150px) 100vw, 150px\" \/><\/a>\n\t\t\t<\/dt><\/dl><br style=\"clear: both\" \/><dl class='gallery-item'>\n\t\t\t<dt class='gallery-icon landscape'>\n\t\t\t\t<a href='https:\/\/ramse.es\/wordpress\/mesa-redonda-lo-ultimo-en-el-tratamiento-de-las-fracturas\/attachment\/25030090\/'><img decoding=\"async\" width=\"150\" height=\"150\" src=\"https:\/\/ramse.es\/wordpress\/wp-content\/uploads\/2025\/03\/25030090-150x150.jpg\" class=\"attachment-thumbnail size-thumbnail\" alt=\"\" srcset=\"https:\/\/ramse.es\/wordpress\/wp-content\/uploads\/2025\/03\/25030090-66x66.jpg 66w, https:\/\/ramse.es\/wordpress\/wp-content\/uploads\/2025\/03\/25030090-150x150.jpg 150w, https:\/\/ramse.es\/wordpress\/wp-content\/uploads\/2025\/03\/25030090-300x300.jpg 300w\" sizes=\"(max-width: 150px) 100vw, 150px\" \/><\/a>\n\t\t\t<\/dt><\/dl><dl class='gallery-item'>\n\t\t\t<dt class='gallery-icon landscape'>\n\t\t\t\t<a href='https:\/\/ramse.es\/wordpress\/mesa-redonda-lo-ultimo-en-el-tratamiento-de-las-fracturas\/attachment\/25030094\/'><img decoding=\"async\" width=\"150\" height=\"150\" src=\"https:\/\/ramse.es\/wordpress\/wp-content\/uploads\/2025\/03\/25030094-150x150.jpg\" class=\"attachment-thumbnail size-thumbnail\" alt=\"\" srcset=\"https:\/\/ramse.es\/wordpress\/wp-content\/uploads\/2025\/03\/25030094-66x66.jpg 66w, https:\/\/ramse.es\/wordpress\/wp-content\/uploads\/2025\/03\/25030094-150x150.jpg 150w, https:\/\/ramse.es\/wordpress\/wp-content\/uploads\/2025\/03\/25030094-300x300.jpg 300w\" sizes=\"(max-width: 150px) 100vw, 150px\" \/><\/a>\n\t\t\t<\/dt><\/dl>\n\t\t\t<br style='clear: both' \/>\n\t\t<\/div>\n\n","protected":false},"excerpt":{"rendered":"<p>La Real Academia de Medicina y Cirug\u00eda de Sevilla ha acogido la mesa redonda titulada \u00abLo \u00faltimo en el tratamiento de las fracturas\u00bb, organizada por el Ilmo. Sr. Dr. D. Fernando S\u00e1enz L\u00f3pez de Rueda Acad\u00e9mico de N\u00famero de la RAMSE y Profesor Em\u00e9rito de la Universidad de Sevilla. Afirmando durante su presentaci\u00f3n que \u00abno estamos en posesi\u00f3n de l\u00edneas maestras para el tratamiento de las fracturas, ni de establecer algo as\u00ed como un dec\u00e1logo de aquello que como traumat\u00f3logos hemos de hacer frente a una fractura y menos a\u00fan en estos momentos de impensables avances biotecnol\u00f3gicos que nos atropellan. Solo [&hellip;]<\/p>\n","protected":false},"author":4,"featured_media":5237,"comment_status":"open","ping_status":"open","sticky":false,"template":"","format":"standard","meta":{"_monsterinsights_skip_tracking":false,"_monsterinsights_sitenote_active":false,"_monsterinsights_sitenote_note":"","_monsterinsights_sitenote_category":0,"footnotes":""},"categories":[63,138],"tags":[325,152],"class_list":["post-5236","post","type-post","status-publish","format-standard","has-post-thumbnail","hentry","category-actos-academicos","category-mesa-redonda","tag-fracturas","tag-traumatologia"],"_links":{"self":[{"href":"https:\/\/ramse.es\/wordpress\/wp-json\/wp\/v2\/posts\/5236","targetHints":{"allow":["GET"]}}],"collection":[{"href":"https:\/\/ramse.es\/wordpress\/wp-json\/wp\/v2\/posts"}],"about":[{"href":"https:\/\/ramse.es\/wordpress\/wp-json\/wp\/v2\/types\/post"}],"author":[{"embeddable":true,"href":"https:\/\/ramse.es\/wordpress\/wp-json\/wp\/v2\/users\/4"}],"replies":[{"embeddable":true,"href":"https:\/\/ramse.es\/wordpress\/wp-json\/wp\/v2\/comments?post=5236"}],"version-history":[{"count":4,"href":"https:\/\/ramse.es\/wordpress\/wp-json\/wp\/v2\/posts\/5236\/revisions"}],"predecessor-version":[{"id":5245,"href":"https:\/\/ramse.es\/wordpress\/wp-json\/wp\/v2\/posts\/5236\/revisions\/5245"}],"wp:featuredmedia":[{"embeddable":true,"href":"https:\/\/ramse.es\/wordpress\/wp-json\/wp\/v2\/media\/5237"}],"wp:attachment":[{"href":"https:\/\/ramse.es\/wordpress\/wp-json\/wp\/v2\/media?parent=5236"}],"wp:term":[{"taxonomy":"category","embeddable":true,"href":"https:\/\/ramse.es\/wordpress\/wp-json\/wp\/v2\/categories?post=5236"},{"taxonomy":"post_tag","embeddable":true,"href":"https:\/\/ramse.es\/wordpress\/wp-json\/wp\/v2\/tags?post=5236"}],"curies":[{"name":"wp","href":"https:\/\/api.w.org\/{rel}","templated":true}]}}