{"id":4847,"date":"2024-05-15T11:19:17","date_gmt":"2024-05-15T09:19:17","guid":{"rendered":"https:\/\/ramse.es\/wordpress\/?p=4847"},"modified":"2024-05-19T18:35:11","modified_gmt":"2024-05-19T16:35:11","slug":"nueva-conferencia-catedra-de-divulgacion-oncologica","status":"publish","type":"post","link":"https:\/\/ramse.es\/wordpress\/nueva-conferencia-catedra-de-divulgacion-oncologica\/","title":{"rendered":"Nueva conferencia C\u00e1tedra de Divulgaci\u00f3n Oncol\u00f3gica"},"content":{"rendered":"<p>Dr. Antonio Cubillo. Jefe de Servicio de Oncolog\u00eda M\u00e9dica, Director del Centro Integral de Oncolog\u00eda Clara Campal (Madrid), ha impartido una conferencia magistral titulada \u201cDiagn\u00f3stico Hipertemprano. Hacia una nueva oncolog\u00eda\u201d, organizada por la C\u00e1tedra de Divulgaci\u00f3n Oncolog\u00eda de la Fundaci\u00f3n RAMSE que dirige el Dr. Juan Virizuela.<\/p>\n<p>El Dr. Antonio Cubillo, jefe del Centro Integral Oncol\u00f3gico Clara Campal, comenz\u00f3 hace dos a\u00f1os a desarrollar la primera Unidad de Diagn\u00f3stico Oncol\u00f3gico Hipertemprano dirigida a personas sanas. Es \u00fanica en Europa. Ha explicado en la RAMSE este nuevo modo de abordar la enfermedad que requiere \u201ccambios organizativos\u201d y un mayor esfuerzo \u201cinvestigador\u201d.<\/p>\n<p>La Fundaci\u00f3n RAMSE ha creado la\u00a0C\u00e1tedra de Divulgaci\u00f3n Oncol\u00f3gica\u00a0con la finalidad de construir un\u00a0foro cient\u00edfico de reflexi\u00f3n\u00a0para contribuir desde el punto de vista m\u00e9dico y social a la lucha contra el c\u00e1ncer; mejorar la calidad de vida del paciente oncol\u00f3gico y su entorno familiar; colaborar con el desarrollo de investigaci\u00f3n e influir en el estilo de vida de los ciudadanos y, por tanto, en la prevenci\u00f3n.<\/p>\n<p>Puede leer noticias relacionadas con este acto en los siguientes enlaces:<\/p>\n<p><a href=\"https:\/\/www.elespanol.com\/sevilla\/20240514\/medicos-sevilla-abordan-mejor-atajo-curar-cancer\/854914965_0.html\" target=\"_blank\" rel=\"noopener\">El Espa\u00f1ol: Los m\u00e9dicos de Sevilla abordan \u201cel mejor atajo para curar el c\u00e1ncer\u201d<\/a><\/p>\n<p><a href=\"https:\/\/www.diariodesevilla.es\/sevilla\/importancia-deteccion-cancer-primeros-sintomas_0_1902710377.html\" target=\"_blank\" rel=\"noopener\">Diario de Sevilla: La importancia de la detecci\u00f3n del c\u00e1ncer antes de los primeros s\u00edntomas<\/a><\/p>\n<p><a href=\"https:\/\/www.abc.es\/sevilla\/ciudad\/biopsia-liquida-tecnica-revolucionaria-diagnostico-hipertemprano-cancer-20240514194517-nts.html#vca=compartirrrss&amp;vso=abc&amp;vmc=rrss&amp;vli=fixed-whatsapp\" target=\"_blank\" rel=\"noopener\">ABC de Sevilla: La biopsia l\u00edquida se abre paso como nueva v\u00eda para el diagn\u00f3stico hipertemprano del c\u00e1ncer<\/a><\/p>\n<p>&nbsp;<\/p>\n\n\t\t<style type=\"text\/css\">\n\t\t\t#gallery-1 {\n\t\t\t\tmargin: auto;\n\t\t\t}\n\t\t\t#gallery-1 .gallery-item {\n\t\t\t\tfloat: left;\n\t\t\t\tmargin-top: 10px;\n\t\t\t\ttext-align: center;\n\t\t\t\twidth: 33%;\n\t\t\t}\n\t\t\t#gallery-1 img {\n\t\t\t\tborder: 2px solid #cfcfcf;\n\t\t\t}\n\t\t\t#gallery-1 .gallery-caption {\n\t\t\t\tmargin-left: 0;\n\t\t\t}\n\t\t\t\/* see gallery_shortcode() in wp-includes\/media.php *\/\n\t\t<\/style>\n\t\t<div id='gallery-1' class='gallery galleryid-4847 gallery-columns-3 gallery-size-thumbnail'><dl class='gallery-item'>\n\t\t\t<dt class='gallery-icon portrait'>\n\t\t\t\t<a href='https:\/\/ramse.es\/wordpress\/nueva-conferencia-catedra-de-divulgacion-oncologica\/attachment\/24050942\/'><img decoding=\"async\" width=\"150\" height=\"150\" src=\"https:\/\/ramse.es\/wordpress\/wp-content\/uploads\/2024\/05\/24050942-150x150.jpg\" class=\"attachment-thumbnail size-thumbnail\" alt=\"\" srcset=\"https:\/\/ramse.es\/wordpress\/wp-content\/uploads\/2024\/05\/24050942-66x66.jpg 66w, https:\/\/ramse.es\/wordpress\/wp-content\/uploads\/2024\/05\/24050942-150x150.jpg 150w, https:\/\/ramse.es\/wordpress\/wp-content\/uploads\/2024\/05\/24050942-300x300.jpg 300w\" sizes=\"(max-width: 150px) 100vw, 150px\" \/><\/a>\n\t\t\t<\/dt><\/dl><dl class='gallery-item'>\n\t\t\t<dt class='gallery-icon landscape'>\n\t\t\t\t<a href='https:\/\/ramse.es\/wordpress\/nueva-conferencia-catedra-de-divulgacion-oncologica\/attachment\/24050974\/'><img decoding=\"async\" width=\"150\" height=\"150\" src=\"https:\/\/ramse.es\/wordpress\/wp-content\/uploads\/2024\/05\/24050974-150x150.jpg\" class=\"attachment-thumbnail size-thumbnail\" alt=\"\" srcset=\"https:\/\/ramse.es\/wordpress\/wp-content\/uploads\/2024\/05\/24050974-66x66.jpg 66w, https:\/\/ramse.es\/wordpress\/wp-content\/uploads\/2024\/05\/24050974-150x150.jpg 150w, https:\/\/ramse.es\/wordpress\/wp-content\/uploads\/2024\/05\/24050974-300x300.jpg 300w\" sizes=\"(max-width: 150px) 100vw, 150px\" \/><\/a>\n\t\t\t<\/dt><\/dl><dl class='gallery-item'>\n\t\t\t<dt class='gallery-icon portrait'>\n\t\t\t\t<a href='https:\/\/ramse.es\/wordpress\/nueva-conferencia-catedra-de-divulgacion-oncologica\/attachment\/24050966\/'><img decoding=\"async\" width=\"150\" height=\"150\" src=\"https:\/\/ramse.es\/wordpress\/wp-content\/uploads\/2024\/05\/24050966-150x150.jpg\" class=\"attachment-thumbnail size-thumbnail\" alt=\"\" srcset=\"https:\/\/ramse.es\/wordpress\/wp-content\/uploads\/2024\/05\/24050966-66x66.jpg 66w, https:\/\/ramse.es\/wordpress\/wp-content\/uploads\/2024\/05\/24050966-150x150.jpg 150w, https:\/\/ramse.es\/wordpress\/wp-content\/uploads\/2024\/05\/24050966-300x300.jpg 300w\" sizes=\"(max-width: 150px) 100vw, 150px\" \/><\/a>\n\t\t\t<\/dt><\/dl><br style=\"clear: both\" \/><dl class='gallery-item'>\n\t\t\t<dt class='gallery-icon landscape'>\n\t\t\t\t<a href='https:\/\/ramse.es\/wordpress\/nueva-conferencia-catedra-de-divulgacion-oncologica\/attachment\/24050955\/'><img decoding=\"async\" width=\"150\" height=\"150\" src=\"https:\/\/ramse.es\/wordpress\/wp-content\/uploads\/2024\/05\/24050955-150x150.jpg\" class=\"attachment-thumbnail size-thumbnail\" alt=\"\" srcset=\"https:\/\/ramse.es\/wordpress\/wp-content\/uploads\/2024\/05\/24050955-66x66.jpg 66w, https:\/\/ramse.es\/wordpress\/wp-content\/uploads\/2024\/05\/24050955-150x150.jpg 150w, https:\/\/ramse.es\/wordpress\/wp-content\/uploads\/2024\/05\/24050955-300x300.jpg 300w\" sizes=\"(max-width: 150px) 100vw, 150px\" \/><\/a>\n\t\t\t<\/dt><\/dl><dl class='gallery-item'>\n\t\t\t<dt class='gallery-icon landscape'>\n\t\t\t\t<a href='https:\/\/ramse.es\/wordpress\/nueva-conferencia-catedra-de-divulgacion-oncologica\/attachment\/24050948\/'><img decoding=\"async\" width=\"150\" height=\"150\" src=\"https:\/\/ramse.es\/wordpress\/wp-content\/uploads\/2024\/05\/24050948-150x150.jpg\" class=\"attachment-thumbnail size-thumbnail\" alt=\"\" srcset=\"https:\/\/ramse.es\/wordpress\/wp-content\/uploads\/2024\/05\/24050948-66x66.jpg 66w, https:\/\/ramse.es\/wordpress\/wp-content\/uploads\/2024\/05\/24050948-150x150.jpg 150w, https:\/\/ramse.es\/wordpress\/wp-content\/uploads\/2024\/05\/24050948-300x300.jpg 300w\" sizes=\"(max-width: 150px) 100vw, 150px\" \/><\/a>\n\t\t\t<\/dt><\/dl>\n\t\t\t<br style='clear: both' \/>\n\t\t<\/div>\n\n","protected":false},"excerpt":{"rendered":"<p>Dr. Antonio Cubillo. Jefe de Servicio de Oncolog\u00eda M\u00e9dica, Director del Centro Integral de Oncolog\u00eda Clara Campal (Madrid), ha impartido una conferencia magistral titulada \u201cDiagn\u00f3stico Hipertemprano. Hacia una nueva oncolog\u00eda\u201d, organizada por la C\u00e1tedra de Divulgaci\u00f3n Oncolog\u00eda de la Fundaci\u00f3n RAMSE que dirige el Dr. Juan Virizuela. El Dr. Antonio Cubillo, jefe del Centro Integral Oncol\u00f3gico Clara Campal, comenz\u00f3 hace dos a\u00f1os a desarrollar la primera Unidad de Diagn\u00f3stico Oncol\u00f3gico Hipertemprano dirigida a personas sanas. Es \u00fanica en Europa. Ha explicado en la RAMSE este nuevo modo de abordar la enfermedad que requiere \u201ccambios organizativos\u201d y un mayor esfuerzo \u201cinvestigador\u201d. La [&hellip;]<\/p>\n","protected":false},"author":4,"featured_media":4851,"comment_status":"open","ping_status":"open","sticky":false,"template":"","format":"standard","meta":{"_monsterinsights_skip_tracking":false,"_monsterinsights_sitenote_active":false,"_monsterinsights_sitenote_note":"","_monsterinsights_sitenote_category":0,"footnotes":""},"categories":[242],"tags":[173,257],"class_list":["post-4847","post","type-post","status-publish","format-standard","has-post-thumbnail","hentry","category-catedra-oncologia","tag-catedra-de-divulgacion-oncologica","tag-dr-antonio-cubillo"],"_links":{"self":[{"href":"https:\/\/ramse.es\/wordpress\/wp-json\/wp\/v2\/posts\/4847","targetHints":{"allow":["GET"]}}],"collection":[{"href":"https:\/\/ramse.es\/wordpress\/wp-json\/wp\/v2\/posts"}],"about":[{"href":"https:\/\/ramse.es\/wordpress\/wp-json\/wp\/v2\/types\/post"}],"author":[{"embeddable":true,"href":"https:\/\/ramse.es\/wordpress\/wp-json\/wp\/v2\/users\/4"}],"replies":[{"embeddable":true,"href":"https:\/\/ramse.es\/wordpress\/wp-json\/wp\/v2\/comments?post=4847"}],"version-history":[{"count":2,"href":"https:\/\/ramse.es\/wordpress\/wp-json\/wp\/v2\/posts\/4847\/revisions"}],"predecessor-version":[{"id":4854,"href":"https:\/\/ramse.es\/wordpress\/wp-json\/wp\/v2\/posts\/4847\/revisions\/4854"}],"wp:featuredmedia":[{"embeddable":true,"href":"https:\/\/ramse.es\/wordpress\/wp-json\/wp\/v2\/media\/4851"}],"wp:attachment":[{"href":"https:\/\/ramse.es\/wordpress\/wp-json\/wp\/v2\/media?parent=4847"}],"wp:term":[{"taxonomy":"category","embeddable":true,"href":"https:\/\/ramse.es\/wordpress\/wp-json\/wp\/v2\/categories?post=4847"},{"taxonomy":"post_tag","embeddable":true,"href":"https:\/\/ramse.es\/wordpress\/wp-json\/wp\/v2\/tags?post=4847"}],"curies":[{"name":"wp","href":"https:\/\/api.w.org\/{rel}","templated":true}]}}