{"id":3419,"date":"2021-06-30T15:57:22","date_gmt":"2021-06-30T13:57:22","guid":{"rendered":"https:\/\/ramse.es\/wordpress\/?p=3419"},"modified":"2021-06-30T16:01:28","modified_gmt":"2021-06-30T14:01:28","slug":"tribuna-vacuna-frente-al-covid-19-en-la-infancia-y-adolescencia","status":"publish","type":"post","link":"https:\/\/ramse.es\/wordpress\/tribuna-vacuna-frente-al-covid-19-en-la-infancia-y-adolescencia\/","title":{"rendered":"Tribuna | Vacuna frente al COVID-19 en la infancia y adolescencia"},"content":{"rendered":"<div class=\"et_post_meta_wrapper\">\n<p class=\"post-meta\">Una vez alcanzado un porcentaje adecuado de vacunaci\u00f3n en adultos, <strong>es de vital importancia la vacunaci\u00f3n anti COVID-19 en la poblaci\u00f3n infantil, sin la cual el control de la Pandemia ser\u00eda imposible<\/strong>. El virus se refugia en la poblaci\u00f3n no vacunada y para lograr la inmunidad de reba\u00f1o, se requiere vacunar a los ni\u00f1os.<\/p>\n<\/div>\n<div class=\"entry-content\">\n<p>Primero tienen que realizarse ensayos cl\u00ednicos que demuestren su eficacia y la falta de efectos secundarios en los ni\u00f1os que, afortunadamente, est\u00e1n muy avanzados, pero tienen como dificultad a\u00f1adida que se realizan en un grupo muy heterog\u00e9neo, ya que no se puede comparar el sistema inmunol\u00f3gico de un ni\u00f1o de 1 a\u00f1o con uno de 12 a\u00f1os. Todo esto lo hace un grupo muy particular. En estos momentos la Agencia Europea del Medicamento ya ha autorizado la vacuna Pfizer para ni\u00f1os entre 12 y 16 a\u00f1os, por lo cual pronto se podr\u00eda iniciar la vacunaci\u00f3n en esta franja de edad.<\/p>\n<p>Otra cuesti\u00f3n importante es comunicar de una manera clara a la opini\u00f3n p\u00fablica que,\u00a0<strong>aunque en un alt\u00edsimo porcentaje la infecci\u00f3n por COVID-19, es bien tolerada en los ni\u00f1os y estos manifiestan una gravedad muy inferior a los adultos, en un porcentaje muy bajo pueden presentar una forma cl\u00ednica de gravedad si desarrollan un S\u00edndrome Inflamatorio Multisist\u00e9mico\u00a0<\/strong>y en muy escasas ocasiones incluso ocasionar la muerte del ni\u00f1o. Hoy, afortunadamente, con el tratamiento precoz con corticoides la mayor\u00eda de los casos presentan una evoluci\u00f3n favorable. El problema que se est\u00e1 observando es que en algunos casos persiste un da\u00f1o en los vasos sangu\u00edneos, concretamente a nivel coronario, que si bien puede curarse con el crecimiento en algunos casos puede llegar a afectar su salud gravemente y as\u00ed, te\u00f3ricamente, ese ni\u00f1o podr\u00eda sufrir un infarto de miocardio a una edad temprana (sobre los 30 a\u00f1os).<\/p>\n<p>Este S\u00edndrome Inflamatorio Multisist\u00e9mico tiene mucha similitud con la Enfermedad de Kawasaki, la que tambi\u00e9n se asocia con una infecci\u00f3n viral previa de diferentes virus y que causa inflamaci\u00f3n de los vasos sangu\u00edneos de todo el organismo. Por lo tanto, esta es una raz\u00f3n m\u00e1s para tomar muy en serio la infecci\u00f3n por COVID-19 en la infancia e indicar la vacunaci\u00f3n en este grupo etario.<\/p>\n<p><strong>Creo que debemos felicitarnos por los buenos resultados del Plan de Vacunaci\u00f3n frente al COVID-19 en Andaluc\u00eda y en este sentido creo que debemos estar preparados para iniciar la vacunaci\u00f3n en la Infancia lo antes posible, comenzando por el grupo entre 12 y 16 a\u00f1os y si es posible antes del comienzo del Curso Escolar<\/strong>.<\/p>\n<\/div>\n<p>Firma: Dr. Mart\u00edn Navarro Merino. Acad\u00e9mico de la Real Academia de Medicina y Cirug\u00eda de Sevilla y miembro del Comit\u00e9 de Expertos del Real e Ilustre Colegio Oficial de M\u00e9dicos de Sevilla, opina acerca de un tema de candente actualidad<\/p>\n<p>Art\u00edculo original publicado en el <a href=\"https:\/\/www.comsevilla.org\/vacuna-frente-al-covid-19-en-la-infancia-y-adolescencia\/\" target=\"_blank\" rel=\"noopener\">Blog: Yo, m\u00e9dico<\/a> del Colegio de M\u00e9dicos de Sevilla.<\/p>\n","protected":false},"excerpt":{"rendered":"<p>Una vez alcanzado un porcentaje adecuado de vacunaci\u00f3n en adultos, es de vital importancia la vacunaci\u00f3n anti COVID-19 en la poblaci\u00f3n infantil, sin la cual el control de la Pandemia ser\u00eda imposible. El virus se refugia en la poblaci\u00f3n no vacunada y para lograr la inmunidad de reba\u00f1o, se requiere vacunar a los ni\u00f1os. Primero tienen que realizarse ensayos cl\u00ednicos que demuestren su eficacia y la falta de efectos secundarios en los ni\u00f1os que, afortunadamente, est\u00e1n muy avanzados, pero tienen como dificultad a\u00f1adida que se realizan en un grupo muy heterog\u00e9neo, ya que no se puede comparar el sistema inmunol\u00f3gico de [&hellip;]<\/p>\n","protected":false},"author":4,"featured_media":3420,"comment_status":"open","ping_status":"open","sticky":false,"template":"","format":"standard","meta":{"_monsterinsights_skip_tracking":false,"_monsterinsights_sitenote_active":false,"_monsterinsights_sitenote_note":"","_monsterinsights_sitenote_category":0,"footnotes":""},"categories":[67],"tags":[40,83],"class_list":["post-3419","post","type-post","status-publish","format-standard","has-post-thumbnail","hentry","category-articulo","tag-ricoms","tag-vacuna-covid"],"_links":{"self":[{"href":"https:\/\/ramse.es\/wordpress\/wp-json\/wp\/v2\/posts\/3419","targetHints":{"allow":["GET"]}}],"collection":[{"href":"https:\/\/ramse.es\/wordpress\/wp-json\/wp\/v2\/posts"}],"about":[{"href":"https:\/\/ramse.es\/wordpress\/wp-json\/wp\/v2\/types\/post"}],"author":[{"embeddable":true,"href":"https:\/\/ramse.es\/wordpress\/wp-json\/wp\/v2\/users\/4"}],"replies":[{"embeddable":true,"href":"https:\/\/ramse.es\/wordpress\/wp-json\/wp\/v2\/comments?post=3419"}],"version-history":[{"count":2,"href":"https:\/\/ramse.es\/wordpress\/wp-json\/wp\/v2\/posts\/3419\/revisions"}],"predecessor-version":[{"id":3589,"href":"https:\/\/ramse.es\/wordpress\/wp-json\/wp\/v2\/posts\/3419\/revisions\/3589"}],"wp:featuredmedia":[{"embeddable":true,"href":"https:\/\/ramse.es\/wordpress\/wp-json\/wp\/v2\/media\/3420"}],"wp:attachment":[{"href":"https:\/\/ramse.es\/wordpress\/wp-json\/wp\/v2\/media?parent=3419"}],"wp:term":[{"taxonomy":"category","embeddable":true,"href":"https:\/\/ramse.es\/wordpress\/wp-json\/wp\/v2\/categories?post=3419"},{"taxonomy":"post_tag","embeddable":true,"href":"https:\/\/ramse.es\/wordpress\/wp-json\/wp\/v2\/tags?post=3419"}],"curies":[{"name":"wp","href":"https:\/\/api.w.org\/{rel}","templated":true}]}}