{"id":3210,"date":"2021-02-15T14:10:56","date_gmt":"2021-02-15T12:10:56","guid":{"rendered":"https:\/\/ramse.es\/wordpress\/?p=3210"},"modified":"2021-04-20T18:14:23","modified_gmt":"2021-04-20T16:14:23","slug":"necrologica-dr-pedro-blasco","status":"publish","type":"post","link":"https:\/\/ramse.es\/wordpress\/necrologica-dr-pedro-blasco\/","title":{"rendered":"Necrol\u00f3gica Dr. Pedro Blasco Huelva"},"content":{"rendered":"<p>Desde la Real Academia de Medicina y Cirug\u00eda de Sevilla lamentamos profundamente el fallecimiento del Acad\u00e9mico de N\u00famero de esta instituci\u00f3n, <strong>Illmo. Dr. D. Pedro Blasco Huelva<\/strong>, fallecido el pasado 4 de febrero de 2021. El Dr. D. Pedro Blasco tom\u00f3 posesi\u00f3n el 27 de noviembre de 1983 con el discurso titulado \u00abEducaci\u00f3n para la salud\u00bb. Le respondi\u00f3, en nombre de la corporaci\u00f3n, el Ilmo. Sr. Dr. D. Rafael Mart\u00ednez Dom\u00ednguez. Desde entonces era Acad\u00e9mico de N\u00famero de la RAMSE en la Secci\u00f3n IV, con la especialidad Medicina Preventiva y salud P\u00fablica.<\/p>\n<p>Compartimos algunas de las necrol\u00f3gicas recogidas en medios de comunicaci\u00f3n en memoria del\u00a0 Dr. D. Pedro Blasco Huelva.<\/p>\n<ul>\n<li>Necrol\u00f3gica escrita por el Acad\u00e9mico de N\u00famero <strong>Dr. D. Ignacio G\u00f3mez de Terreros en ABC de Sevilla<\/strong>: \u00abPrestigioso epidemi\u00f3logo y destacado m\u00e9dico\u00bb. Puede descargar el art\u00edculo completo <a href=\"https:\/\/ramse.es\/wordpress\/wp-content\/uploads\/2021\/02\/NECROLOGICA-PEDRO-BLASCO-HUELVA.png\">aqu\u00ed<\/a>.<\/li>\n<li><strong>Facultad de Medicina de la Universidad de Sevilla<\/strong>: Fallece Pedro Blasco Huelva. Exdecano de la Facultad de Medicina. Leer <a href=\"https:\/\/medicina.us.es\/noticias\/fallece-pedro-blasco-huelva-exdecano-de-la-facultad-de-medicina\" target=\"_blank\" rel=\"noopener\">art\u00edculo completo<\/a>.<\/li>\n<li><strong>Hermandad del Calvario<\/strong>: \u00abFallece nuestro hermano D. Pedro Blasco Huelva.<strong>\u00ab. <\/strong>Leer art\u00edculo completo en este <a href=\"https:\/\/hermandaddelcalvario.org\/fallece-nuestro-hermano-d-pedro-blasco-huelva\/\" target=\"_blank\" rel=\"noopener\">enlace<\/a>.<\/li>\n<li><strong>Obituario Pasi\u00f3n en Sevilla<\/strong>: Muere Pedro Blasco Huelva, el hermano m\u00e1s antiguo del Calvario. Puede leer el art\u00edculo completo <a href=\"https:\/\/sevilla.abc.es\/pasionensevilla\/noticias-semana-santa-sevilla\/sevi-muere-pedro-blasco-huelva-hermano-mas-antiguo-calvario-202102051831_noticia.html\" target=\"_blank\" rel=\"noopener\">aqu\u00ed<\/a>.<\/li>\n<li><strong>Sociedad Espa\u00f1ola de Epidemiolog\u00eda<\/strong>: In Memoriam Pedro Blasco Huelva. Consultar Bolet\u00edn completo <a href=\"https:\/\/geyseco.acblnk.com\/url\/ver\/59046747\/1319881\/8deda4fe44f571d520d782d5dc012b77\">aqu\u00ed<\/a> (P\u00e1gina 12).<\/li>\n<\/ul>\n","protected":false},"excerpt":{"rendered":"<p>Desde la Real Academia de Medicina y Cirug\u00eda de Sevilla lamentamos profundamente el fallecimiento del Acad\u00e9mico de N\u00famero de esta instituci\u00f3n, Illmo. Dr. D. Pedro Blasco Huelva, fallecido el pasado 4 de febrero de 2021. El Dr. D. Pedro Blasco tom\u00f3 posesi\u00f3n el 27 de noviembre de 1983 con el discurso titulado \u00abEducaci\u00f3n para la salud\u00bb. Le respondi\u00f3, en nombre de la corporaci\u00f3n, el Ilmo. Sr. Dr. D. Rafael Mart\u00ednez Dom\u00ednguez. Desde entonces era Acad\u00e9mico de N\u00famero de la RAMSE en la Secci\u00f3n IV, con la especialidad Medicina Preventiva y salud P\u00fablica. Compartimos algunas de las necrol\u00f3gicas recogidas en medios de [&hellip;]<\/p>\n","protected":false},"author":4,"featured_media":3228,"comment_status":"open","ping_status":"open","sticky":false,"template":"","format":"standard","meta":{"_monsterinsights_skip_tracking":false,"_monsterinsights_sitenote_active":false,"_monsterinsights_sitenote_note":"","_monsterinsights_sitenote_category":0,"footnotes":""},"categories":[47,16,37],"tags":[62,61],"class_list":["post-3210","post","type-post","status-publish","format-standard","has-post-thumbnail","hentry","category-necrologica","category-news","category-prensa","tag-academico-numero","tag-pedroblasco-huelva"],"_links":{"self":[{"href":"https:\/\/ramse.es\/wordpress\/wp-json\/wp\/v2\/posts\/3210","targetHints":{"allow":["GET"]}}],"collection":[{"href":"https:\/\/ramse.es\/wordpress\/wp-json\/wp\/v2\/posts"}],"about":[{"href":"https:\/\/ramse.es\/wordpress\/wp-json\/wp\/v2\/types\/post"}],"author":[{"embeddable":true,"href":"https:\/\/ramse.es\/wordpress\/wp-json\/wp\/v2\/users\/4"}],"replies":[{"embeddable":true,"href":"https:\/\/ramse.es\/wordpress\/wp-json\/wp\/v2\/comments?post=3210"}],"version-history":[{"count":7,"href":"https:\/\/ramse.es\/wordpress\/wp-json\/wp\/v2\/posts\/3210\/revisions"}],"predecessor-version":[{"id":3255,"href":"https:\/\/ramse.es\/wordpress\/wp-json\/wp\/v2\/posts\/3210\/revisions\/3255"}],"wp:featuredmedia":[{"embeddable":true,"href":"https:\/\/ramse.es\/wordpress\/wp-json\/wp\/v2\/media\/3228"}],"wp:attachment":[{"href":"https:\/\/ramse.es\/wordpress\/wp-json\/wp\/v2\/media?parent=3210"}],"wp:term":[{"taxonomy":"category","embeddable":true,"href":"https:\/\/ramse.es\/wordpress\/wp-json\/wp\/v2\/categories?post=3210"},{"taxonomy":"post_tag","embeddable":true,"href":"https:\/\/ramse.es\/wordpress\/wp-json\/wp\/v2\/tags?post=3210"}],"curies":[{"name":"wp","href":"https:\/\/api.w.org\/{rel}","templated":true}]}}