{"id":3139,"date":"2020-10-30T20:12:34","date_gmt":"2020-10-30T18:12:34","guid":{"rendered":"https:\/\/ramse.es\/wordpress\/?p=3139"},"modified":"2020-12-17T13:55:15","modified_gmt":"2020-12-17T11:55:15","slug":"sesion-necrologica-en-recuerdo-del-dr-mauricio-dominguez-adame","status":"publish","type":"post","link":"https:\/\/ramse.es\/wordpress\/sesion-necrologica-en-recuerdo-del-dr-mauricio-dominguez-adame\/","title":{"rendered":"Sesi\u00f3n necrol\u00f3gica en recuerdo de D. Mauricio Dom\u00ednguez-Adame"},"content":{"rendered":"<p>La Real Academia de Medicina y Cirug\u00eda de Sevilla (RAMSE) ha celebrado una Sesi\u00f3n Necrol\u00f3gica en recuerdo del Dr. Mauricio Dom\u00ednguez-Adame Cobos, M\u00e9dico especialista en Obstetricia y Ginecolog\u00eda, fallecido en febrero de 2019, quien fue Acad\u00e9mico de N\u00famero desde 1989 y Acad\u00e9mico Honorario desde 2015.<\/p>\n<p>Durante el acto, que tuvo lugar en el Sal\u00f3n de Actos Ram\u00f3n y Cajal de la RAMSE, se celebr\u00f3 una Santa Misa, oficiada por el Arzobispo de Sevilla, Monse\u00f1or Juan Jos\u00e9 Asenjo Pelegrina, Acad\u00e9mico de Erudici\u00f3n de la RAMSE desde el 19 de noviembre de 2017. \u201cJes\u00fas de Nazaret y los enfermos\u201d fue el t\u00edtulo de su emotivo discurso de ingreso.<\/p>\n<p><img decoding=\"async\" class=\"aligncenter wp-image-3140 size-large\" src=\"https:\/\/ramse.es\/wordpress\/wp-content\/uploads\/2020\/11\/Arzobispo-Sevilla-RAMSE-1024x677.jpg\" alt=\"\" width=\"1024\" height=\"677\" srcset=\"https:\/\/ramse.es\/wordpress\/wp-content\/uploads\/2020\/11\/Arzobispo-Sevilla-RAMSE-200x132.jpg 200w, https:\/\/ramse.es\/wordpress\/wp-content\/uploads\/2020\/11\/Arzobispo-Sevilla-RAMSE-300x198.jpg 300w, https:\/\/ramse.es\/wordpress\/wp-content\/uploads\/2020\/11\/Arzobispo-Sevilla-RAMSE-391x260.jpg 391w, https:\/\/ramse.es\/wordpress\/wp-content\/uploads\/2020\/11\/Arzobispo-Sevilla-RAMSE-400x265.jpg 400w, https:\/\/ramse.es\/wordpress\/wp-content\/uploads\/2020\/11\/Arzobispo-Sevilla-RAMSE-600x397.jpg 600w, https:\/\/ramse.es\/wordpress\/wp-content\/uploads\/2020\/11\/Arzobispo-Sevilla-RAMSE-768x508.jpg 768w, https:\/\/ramse.es\/wordpress\/wp-content\/uploads\/2020\/11\/Arzobispo-Sevilla-RAMSE-800x529.jpg 800w, https:\/\/ramse.es\/wordpress\/wp-content\/uploads\/2020\/11\/Arzobispo-Sevilla-RAMSE-1024x677.jpg 1024w, https:\/\/ramse.es\/wordpress\/wp-content\/uploads\/2020\/11\/Arzobispo-Sevilla-RAMSE-1200x794.jpg 1200w, https:\/\/ramse.es\/wordpress\/wp-content\/uploads\/2020\/11\/Arzobispo-Sevilla-RAMSE-1536x1016.jpg 1536w, https:\/\/ramse.es\/wordpress\/wp-content\/uploads\/2020\/11\/Arzobispo-Sevilla-RAMSE.jpg 1577w\" sizes=\"(max-width: 1024px) 100vw, 1024px\" \/><\/p>\n<p>Previamente al inicio del acto, el Arzobispo de Sevilla firm\u00f3 en el Libro de Honor de esta centenaria instituci\u00f3n.<\/p>\n<p>A continuaci\u00f3n, durante la sesi\u00f3n In Memorian, el presidente de la RAMSE, el Dr. Jes\u00fas Casti\u00f1eiras Fern\u00e1ndez, destac\u00f3 la faceta acad\u00e9mica del homenajeado. Seguidamente, el Dr. Alfonso Galnares Ysern profundiz\u00f3 sobre el perfil personal de Dom\u00ednguez Adame siendo el Dr. Eduardo Dom\u00ednguez-Adame Lanuza, hijo del homenajeado, el encargado de resaltar su faceta humana y familiar.<\/p>\n<p>La clausura del acto corri\u00f3 a cargo del Presidente de la RAMSE, el Dr. Jes\u00fas Casti\u00f1eiras.<\/p>\n","protected":false},"excerpt":{"rendered":"<p>La Real Academia de Medicina y Cirug\u00eda de Sevilla (RAMSE) ha celebrado una Sesi\u00f3n Necrol\u00f3gica en recuerdo del Dr. Mauricio Dom\u00ednguez-Adame Cobos, M\u00e9dico especialista en Obstetricia y Ginecolog\u00eda, fallecido en febrero de 2019, quien fue Acad\u00e9mico de N\u00famero desde 1989 y Acad\u00e9mico Honorario desde 2015. Durante el acto, que tuvo lugar en el Sal\u00f3n de Actos Ram\u00f3n y Cajal de la RAMSE, se celebr\u00f3 una Santa Misa, oficiada por el Arzobispo de Sevilla, Monse\u00f1or Juan Jos\u00e9 Asenjo Pelegrina, Acad\u00e9mico de Erudici\u00f3n de la RAMSE desde el 19 de noviembre de 2017. \u201cJes\u00fas de Nazaret y los enfermos\u201d fue el t\u00edtulo de [&hellip;]<\/p>\n","protected":false},"author":4,"featured_media":3141,"comment_status":"open","ping_status":"open","sticky":false,"template":"","format":"standard","meta":{"_monsterinsights_skip_tracking":false,"_monsterinsights_sitenote_active":false,"_monsterinsights_sitenote_note":"","_monsterinsights_sitenote_category":0,"footnotes":""},"categories":[19,47,16],"tags":[48,43],"class_list":["post-3139","post","type-post","status-publish","format-standard","has-post-thumbnail","hentry","category-actividades","category-necrologica","category-news","tag-mauricio-dominguez-adame","tag-ramse"],"_links":{"self":[{"href":"https:\/\/ramse.es\/wordpress\/wp-json\/wp\/v2\/posts\/3139","targetHints":{"allow":["GET"]}}],"collection":[{"href":"https:\/\/ramse.es\/wordpress\/wp-json\/wp\/v2\/posts"}],"about":[{"href":"https:\/\/ramse.es\/wordpress\/wp-json\/wp\/v2\/types\/post"}],"author":[{"embeddable":true,"href":"https:\/\/ramse.es\/wordpress\/wp-json\/wp\/v2\/users\/4"}],"replies":[{"embeddable":true,"href":"https:\/\/ramse.es\/wordpress\/wp-json\/wp\/v2\/comments?post=3139"}],"version-history":[{"count":5,"href":"https:\/\/ramse.es\/wordpress\/wp-json\/wp\/v2\/posts\/3139\/revisions"}],"predecessor-version":[{"id":3184,"href":"https:\/\/ramse.es\/wordpress\/wp-json\/wp\/v2\/posts\/3139\/revisions\/3184"}],"wp:featuredmedia":[{"embeddable":true,"href":"https:\/\/ramse.es\/wordpress\/wp-json\/wp\/v2\/media\/3141"}],"wp:attachment":[{"href":"https:\/\/ramse.es\/wordpress\/wp-json\/wp\/v2\/media?parent=3139"}],"wp:term":[{"taxonomy":"category","embeddable":true,"href":"https:\/\/ramse.es\/wordpress\/wp-json\/wp\/v2\/categories?post=3139"},{"taxonomy":"post_tag","embeddable":true,"href":"https:\/\/ramse.es\/wordpress\/wp-json\/wp\/v2\/tags?post=3139"}],"curies":[{"name":"wp","href":"https:\/\/api.w.org\/{rel}","templated":true}]}}